{"id":23175,"date":"2019-02-05T10:11:58","date_gmt":"2019-02-05T08:11:58","guid":{"rendered":"http:\/\/masifill.es\/2019\/02\/05\/novetats-en-materia-darrendaments-urbans\/"},"modified":"2020-12-28T20:32:32","modified_gmt":"2020-12-28T18:32:32","slug":"novetats-en-materia-darrendaments-urbans","status":"publish","type":"post","link":"https:\/\/masifill.com\/es\/novetats-en-materia-darrendaments-urbans\/","title":{"rendered":"Novedades en materia de arrendamientos urbanos."},"content":{"rendered":"<p><strong>Sentencia del Tribunal Constitucional 13\/2019, de 31 de enero de 2019.<\/strong><\/p>\n<p>El Tribunal Constitucional, en su sentencia de referencia refleja el desistimiento parcial de las impugnaciones y por tanto la plena vigencia de los art\u00edculos 2.2., 5 (apartados 1 a 4 y 9), 7 y las disposiciones transitoria segunda y final tercera de la referida Ley del Parlamento de Catalu\u00f1a 24\/2015, que pretende proteger a los consumidores en situaci\u00f3n de sobreendeudamiento hipotecario y mantiene.<\/p>\n<p>Aqu\u00ed queremos subrayar la vigencia de las medidas previstas en el art\u00edculo 5 dirigidas a evitar desahucios en situaciones de riesgo residencial. En este precepto se prev\u00e9 que <strong>antes de interponer cualquier demanda<\/strong> judicial de ejecuci\u00f3n hipotecaria o de desahucio por impago de alquiler, <strong>el demandante tenga que ofrecer una propuesta de alquiler social a las<\/strong> personas o unidades familiares que no tengan una alternativa de vivienda propia y se encuentren dentro de los par\u00e1metros de <strong>riesgo de exclusi\u00f3n residencial<\/strong> que la ley delimita.<\/p>\n<p>Determinados propietarios demandantes tendr\u00e1n el deber de comprobar estas circunstancias y deber\u00e1n requerir previamente esta informaci\u00f3n a los afectados.<\/p>\n<p><strong>\u00bfA qu\u00e9 propietarios afecta?<\/strong> Personas jur\u00eddicas que tengan la condici\u00f3n de <strong>grandes tenedores<\/strong> de viviendas o bien personas jur\u00eddicas que hubieran adquirido viviendas con posterioridad al 30 de abril de 2008 y que sean, en primera o ulterior transmisi\u00f3n, provenientes de ejecuciones hipotecarias, de acuerdos de compensaci\u00f3n de deudas o de daci\u00f3n en pago, o bien de compraventas que tengan como causa la imposibilidad de devolver el pr\u00e9stamo hipotecario.<\/p>\n<p><strong>\u00bfQui\u00e9n es un gran tenedor<\/strong>?<\/p>\n<ol>\n<li>Las entidades financieras, las filiales inmobiliarias de estas entidades, los fondos de inversi\u00f3n y las entidades de gesti\u00f3n de activos, incluidos los procedentes de la reestructuraci\u00f3n bancaria, de acuerdo con la legislaci\u00f3n mercantil.<\/li>\n<li>Las personas jur\u00eddicas que, por s\u00ed solas o por medio de un grupo de empresas, sean titulares de una <strong>superficie habitable de m\u00e1s de 1.250 m2<\/strong>. No obstante, quedan exceptuados::\n<ul>\n<li>Los promotores sociales tales como el Instituto Catal\u00e1n del Suelo, los ayuntamientos, las sociedades y patronatos municipales de viviendas, las cooperativas de viviendas y las entidades urban\u00edsticas especiales, y los promotores privados de viviendas y entidades sin \u00e1nimo de lucro dedicadas a la promoci\u00f3n de viviendas de protecci\u00f3n social en casos de constituci\u00f3n de derecho de superficie o de concesi\u00f3n administrativa o la promoci\u00f3n de viviendas con protecci\u00f3n oficial destinadas, en r\u00e9gimen de venta, a los beneficiarios con ingresos m\u00e1s bajos.<\/li>\n<li>Las personas jur\u00eddicas que tengan m\u00e1s de un 15% de la superficie habitable de la propiedad calificado como viviendas de protecci\u00f3n oficial destinadas a alquiler.<\/li>\n<\/ul>\n<\/li>\n<\/ol>\n<p>Partiendo de este marco normativo,<strong> el demandante \u00fanicamente podr\u00e1 iniciar el procedimiento judicial cuando haya verificado la situaci\u00f3n de riesgo de exclusi\u00f3n residencial, haya formulado la oferta de alquiler social y los afectados lo hayan rechazado<\/strong>. De facto, esta ley, para los casos que regula, establece un requisito de procedibilidad procesal.<\/p>\n<p><strong>Cristi\u00e0 Ventosa Cruset.<\/strong> Advocat<br \/>\n<strong>Cristina Espallargas Casellas.<\/strong> Advocada<br \/>\nDepartament Civil i Processal Civil de PATRIMONIA ADVOCATS I ECONOMISTES, SLP<\/p>\n","protected":false},"excerpt":{"rendered":"<p>Sentencia del Tribunal Constitucional 13\/2019, de 31 de enero de 2019. El Tribunal Constitucional, en su sentencia de referencia refleja el desistimiento parcial de las impugnaciones y por tanto la plena vigencia de los art\u00edculos 2.2., 5 (apartados 1 a 4 y 9), 7 y las disposiciones transitoria segunda y final tercera de la referida [&hellip;]<\/p>\n","protected":false},"author":1,"featured_media":23154,"comment_status":"open","ping_status":"open","sticky":false,"template":"","format":"standard","meta":{"footnotes":""},"categories":[476],"tags":[438,439,477,478,479],"class_list":["post-23175","post","type-post","status-publish","format-standard","has-post-thumbnail","hentry","category-juridico","tag-lau-es","tag-lloguer-es","tag-alquiler-es","tag-legislacio-es","tag-legislacion"],"yoast_head":"<!-- This site is optimized with the Yoast SEO plugin v27.3 - https:\/\/yoast.com\/product\/yoast-seo-wordpress\/ -->\n<title>Novedades en materia de arrendamientos urbanos. - MasiFill Patrimonia<\/title>\n<meta name=\"description\" content=\"Novedades en materia de arrendamientos urbanos. Sentencia del Tribunal Constitucional 13\/2019, de 31 de enero de 2019.\" \/>\n<meta name=\"robots\" content=\"index, follow, max-snippet:-1, max-image-preview:large, max-video-preview:-1\" \/>\n<link rel=\"canonical\" href=\"https:\/\/masifill.com\/novetats-en-materia-darrendaments-urbans\/\" \/>\n<meta property=\"og:locale\" content=\"es_ES\" \/>\n<meta property=\"og:type\" content=\"article\" \/>\n<meta property=\"og:title\" content=\"Novedades en materia de arrendamientos urbanos. - MasiFill Patrimonia\" \/>\n<meta property=\"og:description\" content=\"Novedades en materia de arrendamientos urbanos. Sentencia del Tribunal Constitucional 13\/2019, de 31 de enero de 2019.\" \/>\n<meta property=\"og:url\" content=\"https:\/\/masifill.com\/novetats-en-materia-darrendaments-urbans\/\" \/>\n<meta property=\"og:site_name\" content=\"MasiFill Patrimonia\" \/>\n<meta property=\"article:published_time\" content=\"2019-02-05T08:11:58+00:00\" \/>\n<meta property=\"article:modified_time\" content=\"2020-12-28T18:32:32+00:00\" \/>\n<meta property=\"og:image\" content=\"https:\/\/masifill.com\/wp-content\/uploads\/arrendaments_urbans.jpg\" \/>\n\t<meta property=\"og:image:width\" content=\"1440\" \/>\n\t<meta property=\"og:image:height\" content=\"900\" \/>\n\t<meta property=\"og:image:type\" content=\"image\/jpeg\" \/>\n<meta name=\"author\" content=\"masifill_adm_patrimonia\" \/>\n<meta name=\"twitter:card\" content=\"summary_large_image\" \/>\n<meta name=\"twitter:label1\" content=\"Escrito por\" \/>\n\t<meta name=\"twitter:data1\" content=\"masifill_adm_patrimonia\" \/>\n\t<meta name=\"twitter:label2\" content=\"Tiempo de lectura\" \/>\n\t<meta name=\"twitter:data2\" content=\"3 minutos\" \/>\n<script type=\"application\/ld+json\" class=\"yoast-schema-graph\">{\"@context\":\"https:\\\/\\\/schema.org\",\"@graph\":[{\"@type\":\"Article\",\"@id\":\"https:\\\/\\\/masifill.com\\\/novetats-en-materia-darrendaments-urbans\\\/#article\",\"isPartOf\":{\"@id\":\"https:\\\/\\\/masifill.com\\\/novetats-en-materia-darrendaments-urbans\\\/\"},\"author\":{\"name\":\"masifill_adm_patrimonia\",\"@id\":\"https:\\\/\\\/masifill.com\\\/#\\\/schema\\\/person\\\/56ba0ec6533d6069a2478fccb69c6910\"},\"headline\":\"Novedades en materia de arrendamientos urbanos.\",\"datePublished\":\"2019-02-05T08:11:58+00:00\",\"dateModified\":\"2020-12-28T18:32:32+00:00\",\"mainEntityOfPage\":{\"@id\":\"https:\\\/\\\/masifill.com\\\/novetats-en-materia-darrendaments-urbans\\\/\"},\"wordCount\":520,\"commentCount\":0,\"image\":{\"@id\":\"https:\\\/\\\/masifill.com\\\/novetats-en-materia-darrendaments-urbans\\\/#primaryimage\"},\"thumbnailUrl\":\"https:\\\/\\\/masifill.com\\\/wp-content\\\/uploads\\\/arrendaments_urbans.jpg\",\"keywords\":[\"LAU\",\"lloguer\",\"Alquiler\",\"legislaci\u00f3\",\"legislaci\u00f3n\"],\"articleSection\":[\"Jur\u00eddico\"],\"inLanguage\":\"es\",\"potentialAction\":[{\"@type\":\"CommentAction\",\"name\":\"Comment\",\"target\":[\"https:\\\/\\\/masifill.com\\\/novetats-en-materia-darrendaments-urbans\\\/#respond\"]}]},{\"@type\":\"WebPage\",\"@id\":\"https:\\\/\\\/masifill.com\\\/novetats-en-materia-darrendaments-urbans\\\/\",\"url\":\"https:\\\/\\\/masifill.com\\\/novetats-en-materia-darrendaments-urbans\\\/\",\"name\":\"Novedades en materia de arrendamientos urbanos. - MasiFill Patrimonia\",\"isPartOf\":{\"@id\":\"https:\\\/\\\/masifill.com\\\/#website\"},\"primaryImageOfPage\":{\"@id\":\"https:\\\/\\\/masifill.com\\\/novetats-en-materia-darrendaments-urbans\\\/#primaryimage\"},\"image\":{\"@id\":\"https:\\\/\\\/masifill.com\\\/novetats-en-materia-darrendaments-urbans\\\/#primaryimage\"},\"thumbnailUrl\":\"https:\\\/\\\/masifill.com\\\/wp-content\\\/uploads\\\/arrendaments_urbans.jpg\",\"datePublished\":\"2019-02-05T08:11:58+00:00\",\"dateModified\":\"2020-12-28T18:32:32+00:00\",\"author\":{\"@id\":\"https:\\\/\\\/masifill.com\\\/#\\\/schema\\\/person\\\/56ba0ec6533d6069a2478fccb69c6910\"},\"description\":\"Novedades en materia de arrendamientos urbanos. Sentencia del Tribunal Constitucional 13\\\/2019, de 31 de enero de 2019.\",\"breadcrumb\":{\"@id\":\"https:\\\/\\\/masifill.com\\\/novetats-en-materia-darrendaments-urbans\\\/#breadcrumb\"},\"inLanguage\":\"es\",\"potentialAction\":[{\"@type\":\"ReadAction\",\"target\":[\"https:\\\/\\\/masifill.com\\\/novetats-en-materia-darrendaments-urbans\\\/\"]}]},{\"@type\":\"ImageObject\",\"inLanguage\":\"es\",\"@id\":\"https:\\\/\\\/masifill.com\\\/novetats-en-materia-darrendaments-urbans\\\/#primaryimage\",\"url\":\"https:\\\/\\\/masifill.com\\\/wp-content\\\/uploads\\\/arrendaments_urbans.jpg\",\"contentUrl\":\"https:\\\/\\\/masifill.com\\\/wp-content\\\/uploads\\\/arrendaments_urbans.jpg\",\"width\":1440,\"height\":900},{\"@type\":\"BreadcrumbList\",\"@id\":\"https:\\\/\\\/masifill.com\\\/novetats-en-materia-darrendaments-urbans\\\/#breadcrumb\",\"itemListElement\":[{\"@type\":\"ListItem\",\"position\":1,\"name\":\"Inici\",\"item\":\"https:\\\/\\\/masifill.com\\\/es\\\/\"},{\"@type\":\"ListItem\",\"position\":2,\"name\":\"Novedades en materia de arrendamientos urbanos.\"}]},{\"@type\":\"WebSite\",\"@id\":\"https:\\\/\\\/masifill.com\\\/#website\",\"url\":\"https:\\\/\\\/masifill.com\\\/\",\"name\":\"MasiFill Patrimonia\",\"description\":\"Altre lloc gestionat amb el WordPress\",\"potentialAction\":[{\"@type\":\"SearchAction\",\"target\":{\"@type\":\"EntryPoint\",\"urlTemplate\":\"https:\\\/\\\/masifill.com\\\/?s={search_term_string}\"},\"query-input\":{\"@type\":\"PropertyValueSpecification\",\"valueRequired\":true,\"valueName\":\"search_term_string\"}}],\"inLanguage\":\"es\"},{\"@type\":\"Person\",\"@id\":\"https:\\\/\\\/masifill.com\\\/#\\\/schema\\\/person\\\/56ba0ec6533d6069a2478fccb69c6910\",\"name\":\"masifill_adm_patrimonia\",\"image\":{\"@type\":\"ImageObject\",\"inLanguage\":\"es\",\"@id\":\"https:\\\/\\\/secure.gravatar.com\\\/avatar\\\/16e313bec43c19e0fda55eedec8b39d24bc982ea50cecfda3957056676e80d7a?s=96&d=mm&r=g\",\"url\":\"https:\\\/\\\/secure.gravatar.com\\\/avatar\\\/16e313bec43c19e0fda55eedec8b39d24bc982ea50cecfda3957056676e80d7a?s=96&d=mm&r=g\",\"contentUrl\":\"https:\\\/\\\/secure.gravatar.com\\\/avatar\\\/16e313bec43c19e0fda55eedec8b39d24bc982ea50cecfda3957056676e80d7a?s=96&d=mm&r=g\",\"caption\":\"masifill_adm_patrimonia\"},\"url\":\"https:\\\/\\\/masifill.com\\\/es\\\/author\\\/masifill_adm_patrimonia\\\/\"}]}<\/script>\n<!-- \/ Yoast SEO plugin. -->","yoast_head_json":{"title":"Novedades en materia de arrendamientos urbanos. - MasiFill Patrimonia","description":"Novedades en materia de arrendamientos urbanos. Sentencia del Tribunal Constitucional 13\/2019, de 31 de enero de 2019.","robots":{"index":"index","follow":"follow","max-snippet":"max-snippet:-1","max-image-preview":"max-image-preview:large","max-video-preview":"max-video-preview:-1"},"canonical":"https:\/\/masifill.com\/novetats-en-materia-darrendaments-urbans\/","og_locale":"es_ES","og_type":"article","og_title":"Novedades en materia de arrendamientos urbanos. - MasiFill Patrimonia","og_description":"Novedades en materia de arrendamientos urbanos. Sentencia del Tribunal Constitucional 13\/2019, de 31 de enero de 2019.","og_url":"https:\/\/masifill.com\/novetats-en-materia-darrendaments-urbans\/","og_site_name":"MasiFill Patrimonia","article_published_time":"2019-02-05T08:11:58+00:00","article_modified_time":"2020-12-28T18:32:32+00:00","og_image":[{"width":1440,"height":900,"url":"https:\/\/masifill.com\/wp-content\/uploads\/arrendaments_urbans.jpg","type":"image\/jpeg"}],"author":"masifill_adm_patrimonia","twitter_card":"summary_large_image","twitter_misc":{"Escrito por":"masifill_adm_patrimonia","Tiempo de lectura":"3 minutos"},"schema":{"@context":"https:\/\/schema.org","@graph":[{"@type":"Article","@id":"https:\/\/masifill.com\/novetats-en-materia-darrendaments-urbans\/#article","isPartOf":{"@id":"https:\/\/masifill.com\/novetats-en-materia-darrendaments-urbans\/"},"author":{"name":"masifill_adm_patrimonia","@id":"https:\/\/masifill.com\/#\/schema\/person\/56ba0ec6533d6069a2478fccb69c6910"},"headline":"Novedades en materia de arrendamientos urbanos.","datePublished":"2019-02-05T08:11:58+00:00","dateModified":"2020-12-28T18:32:32+00:00","mainEntityOfPage":{"@id":"https:\/\/masifill.com\/novetats-en-materia-darrendaments-urbans\/"},"wordCount":520,"commentCount":0,"image":{"@id":"https:\/\/masifill.com\/novetats-en-materia-darrendaments-urbans\/#primaryimage"},"thumbnailUrl":"https:\/\/masifill.com\/wp-content\/uploads\/arrendaments_urbans.jpg","keywords":["LAU","lloguer","Alquiler","legislaci\u00f3","legislaci\u00f3n"],"articleSection":["Jur\u00eddico"],"inLanguage":"es","potentialAction":[{"@type":"CommentAction","name":"Comment","target":["https:\/\/masifill.com\/novetats-en-materia-darrendaments-urbans\/#respond"]}]},{"@type":"WebPage","@id":"https:\/\/masifill.com\/novetats-en-materia-darrendaments-urbans\/","url":"https:\/\/masifill.com\/novetats-en-materia-darrendaments-urbans\/","name":"Novedades en materia de arrendamientos urbanos. - MasiFill Patrimonia","isPartOf":{"@id":"https:\/\/masifill.com\/#website"},"primaryImageOfPage":{"@id":"https:\/\/masifill.com\/novetats-en-materia-darrendaments-urbans\/#primaryimage"},"image":{"@id":"https:\/\/masifill.com\/novetats-en-materia-darrendaments-urbans\/#primaryimage"},"thumbnailUrl":"https:\/\/masifill.com\/wp-content\/uploads\/arrendaments_urbans.jpg","datePublished":"2019-02-05T08:11:58+00:00","dateModified":"2020-12-28T18:32:32+00:00","author":{"@id":"https:\/\/masifill.com\/#\/schema\/person\/56ba0ec6533d6069a2478fccb69c6910"},"description":"Novedades en materia de arrendamientos urbanos. Sentencia del Tribunal Constitucional 13\/2019, de 31 de enero de 2019.","breadcrumb":{"@id":"https:\/\/masifill.com\/novetats-en-materia-darrendaments-urbans\/#breadcrumb"},"inLanguage":"es","potentialAction":[{"@type":"ReadAction","target":["https:\/\/masifill.com\/novetats-en-materia-darrendaments-urbans\/"]}]},{"@type":"ImageObject","inLanguage":"es","@id":"https:\/\/masifill.com\/novetats-en-materia-darrendaments-urbans\/#primaryimage","url":"https:\/\/masifill.com\/wp-content\/uploads\/arrendaments_urbans.jpg","contentUrl":"https:\/\/masifill.com\/wp-content\/uploads\/arrendaments_urbans.jpg","width":1440,"height":900},{"@type":"BreadcrumbList","@id":"https:\/\/masifill.com\/novetats-en-materia-darrendaments-urbans\/#breadcrumb","itemListElement":[{"@type":"ListItem","position":1,"name":"Inici","item":"https:\/\/masifill.com\/es\/"},{"@type":"ListItem","position":2,"name":"Novedades en materia de arrendamientos urbanos."}]},{"@type":"WebSite","@id":"https:\/\/masifill.com\/#website","url":"https:\/\/masifill.com\/","name":"MasiFill Patrimonia","description":"Altre lloc gestionat amb el WordPress","potentialAction":[{"@type":"SearchAction","target":{"@type":"EntryPoint","urlTemplate":"https:\/\/masifill.com\/?s={search_term_string}"},"query-input":{"@type":"PropertyValueSpecification","valueRequired":true,"valueName":"search_term_string"}}],"inLanguage":"es"},{"@type":"Person","@id":"https:\/\/masifill.com\/#\/schema\/person\/56ba0ec6533d6069a2478fccb69c6910","name":"masifill_adm_patrimonia","image":{"@type":"ImageObject","inLanguage":"es","@id":"https:\/\/secure.gravatar.com\/avatar\/16e313bec43c19e0fda55eedec8b39d24bc982ea50cecfda3957056676e80d7a?s=96&d=mm&r=g","url":"https:\/\/secure.gravatar.com\/avatar\/16e313bec43c19e0fda55eedec8b39d24bc982ea50cecfda3957056676e80d7a?s=96&d=mm&r=g","contentUrl":"https:\/\/secure.gravatar.com\/avatar\/16e313bec43c19e0fda55eedec8b39d24bc982ea50cecfda3957056676e80d7a?s=96&d=mm&r=g","caption":"masifill_adm_patrimonia"},"url":"https:\/\/masifill.com\/es\/author\/masifill_adm_patrimonia\/"}]}},"_links":{"self":[{"href":"https:\/\/masifill.com\/es\/wp-json\/wp\/v2\/posts\/23175","targetHints":{"allow":["GET"]}}],"collection":[{"href":"https:\/\/masifill.com\/es\/wp-json\/wp\/v2\/posts"}],"about":[{"href":"https:\/\/masifill.com\/es\/wp-json\/wp\/v2\/types\/post"}],"author":[{"embeddable":true,"href":"https:\/\/masifill.com\/es\/wp-json\/wp\/v2\/users\/1"}],"replies":[{"embeddable":true,"href":"https:\/\/masifill.com\/es\/wp-json\/wp\/v2\/comments?post=23175"}],"version-history":[{"count":4,"href":"https:\/\/masifill.com\/es\/wp-json\/wp\/v2\/posts\/23175\/revisions"}],"predecessor-version":[{"id":34813,"href":"https:\/\/masifill.com\/es\/wp-json\/wp\/v2\/posts\/23175\/revisions\/34813"}],"wp:featuredmedia":[{"embeddable":true,"href":"https:\/\/masifill.com\/es\/wp-json\/wp\/v2\/media\/23154"}],"wp:attachment":[{"href":"https:\/\/masifill.com\/es\/wp-json\/wp\/v2\/media?parent=23175"}],"wp:term":[{"taxonomy":"category","embeddable":true,"href":"https:\/\/masifill.com\/es\/wp-json\/wp\/v2\/categories?post=23175"},{"taxonomy":"post_tag","embeddable":true,"href":"https:\/\/masifill.com\/es\/wp-json\/wp\/v2\/tags?post=23175"}],"curies":[{"name":"wp","href":"https:\/\/api.w.org\/{rel}","templated":true}]}}