{"id":23179,"date":"2018-09-20T10:16:47","date_gmt":"2018-09-20T08:16:47","guid":{"rendered":"http:\/\/masifill.es\/2018\/09\/20\/comentari-sobre-la-promulgacio-i-entrada-en-vigor-de-la-llei-5-2018-d11-de-juny-de-modificacio-de-la-llei-1-2000-de-7-de-gener-denjudiciament-civil-en-relacio-amb-locup\/"},"modified":"2021-09-23T14:55:04","modified_gmt":"2021-09-23T12:55:04","slug":"ley-ocupcion-ilegal-vivienda","status":"publish","type":"post","link":"https:\/\/masifill.com\/es\/ley-ocupcion-ilegal-vivienda\/","title":{"rendered":"Comentario sobre la promulgaci\u00f3n y entrada en vigor de la Ley 5\/2018, de 11 de junio, de modificaci\u00f3n de la Ley 1\/2000, de 7 de enero, de Enjuiciamiento Civil, en relaci\u00f3n con la ocupaci\u00f3n ilegal de viviendas"},"content":{"rendered":"<p>Se nos explica en la exposici\u00f3n de motivos de la Ley 5\/2018 que la realidad socioecon\u00f3mica de los \u00faltimos a\u00f1os ha producido que aumente el n\u00famero de desahucios, afectando sobre todo a personas que se encuentran en una situaci\u00f3n sobrevenida de vulnerabilidad econ\u00f3mica y de exclusi\u00f3n residencial y al mismo tiempo tambi\u00e9n se nos explica que en este contexto, tambi\u00e9n han aparecido fen\u00f3menos de ocupaci\u00f3n ilegal que no tienen ninguna vinculaci\u00f3n con una situaci\u00f3n de extrema necesidad, sino que tienen una finalidad lucrativa porque a menudo exigen el pago de una compensaci\u00f3n econ\u00f3mica a cambio de abandonar la vivienda que han ocupado ileg\u00edtimamente.<\/p>\n<p>De las v\u00edas legales que existen actualmente para reclamar, ninguna permite el desalojo a la fuerza de los ocupantes de manera satisfactoria, ya que suponen una demora temporal excesiva. En vista de ello, con el fin de hacer frente a estas ocupaciones ilegales premeditadas y facilitar que el propietario recupere inmediatamente el inmueble, se han articulado mecanismos legales que en determinados supuestos, pocos, a nuestro entender, pueden permitir agilizar los procedimientos judiciales<\/p>\n<p><strong>Novedades respeto la LEC<\/strong><\/p>\n<p>La reclamaci\u00f3n de la posesi\u00f3n de la propiedad debe seguir la v\u00eda del juicio verbal (art. 250.1.4\u00ba) y, como novedad, <strong>se podr\u00e1 pedir la inmediata recuperaci\u00f3n de la vivienda<\/strong>\u00a0siempre y cuando se trate de algun de estos colectivos:<\/p>\n<ol>\n<li>Persona f\u00edsica propietaria o poseedora legitima por otro t\u00edtulo.<\/li>\n<li>Entidades sin animo de lucro con derecho a poseer la vivienda.<\/li>\n<li>Entidades p\u00fablicas propietarias o poseedoras legitimas de vivienda social.<\/li>\n<\/ol>\n<p>Por tanto, esta modificaci\u00f3n <strong>NO<\/strong> incluye las supuestas viviendas que sean propiedad de entidades bancarias o fondos de inversiones.<\/p>\n<p>En cuanto a la demanda, se dice que se podr\u00e1 dirigir gen\u00e9ricamente contra los <strong>ignorados ocupantes,<\/strong> sin perjuicio de que la notificaci\u00f3n se deba realizar concretamente a quien se encuentre en el inmueble, el cual deber\u00e1 identificarse para poder recibir el traslado, y si as\u00ed lo admite, comunicar su situaci\u00f3n a los servicios p\u00fablicos competentes en materia de pol\u00edtica social.<\/p>\n<p>Cabe decir que <strong>la posibilidad de demandar a los ignorados ocupados no es una novedad propiamente dicha<\/strong> para que los Juzgados ya admit\u00edan de forma un\u00e1nime conformar la relaci\u00f3n jur\u00eddico-procesal en estos t\u00e9rminos. S\u00f3lo mencionaremos, a modo de ejemplo, la sentencia de fecha 8 de junio de 2008 de la secci\u00f3n 13\u00aa de la Audiencia Provincial de Barcelona.<\/p>\n<p>En el decreto de admisi\u00f3n de la demanda se requerir\u00e1 a los ocupantes para que aporten el t\u00edtulo que justifique la posesi\u00f3n de la vivienda y, en caso de que no dispongan, el tribunal <strong>podr\u00e1 ordenar la inmediata entrega al demandante<\/strong>, siempre y cuando haya acreditado el su derecho sobre la vivienda. <strong>Contra esta resoluci\u00f3n no cabr\u00e1 recurso<\/strong> y tendr\u00e1 efectividad contra cualquiera de los ocupantes que se encuentren en ese momento en la vivienda, lo cual es una novedad destacable.<\/p>\n<p>De este modo, las personas que hemos relacionado m\u00e1s arriba, disfrutar\u00e1n, en potencia, de una v\u00eda procedimental m\u00e1s \u00e1gil para ver tutelados sus intereses aunque realmente se deber\u00e1 valorar en que queda todo para que la norma no establece que el t\u00edtulo aportado tenga que ser un t\u00edtulo escrito y seguro los demandados invocar\u00e1n que los vincula <strong>un acuerdo verbal<\/strong>, algo perfectamente l\u00edcita y jur\u00eddicamente admisible al amparo de lo que establece el Art 1.254 C\u00f3digo Civil.<\/p>\n<p>En este punto, como se trata de exhibir el t\u00edtulo y no de analizar su validez, ante esta alegaci\u00f3n, entendemos que el Juez esperar\u00e1 a ver si el ocupante contesta la demanda.<\/p>\n<ol>\n<li>Si la contesta y alguna de las partes pide la celebraci\u00f3n de vista, el juez convocar\u00e1 a las partes y all\u00ed analizar\u00e1 la existencia del t\u00edtulo suficiente para poseer la vivienda (o bien la falta de t\u00edtulo por parte del actor).<\/li>\n<li>Si no la contesta, la novedad radica en que dictar\u00e1 sentencia directamente sin necesidad de celebrar vista.<\/li>\n<\/ol>\n<p>En ambos casos, aquel mecanismo pensado para agilizar el procedimiento quedar\u00e1 contrarrestado con la simple alegaci\u00f3n de que existe un acuerdo verbal que justifica el empleo. El ocupante deber\u00e1 evitado que el procedimiento judicial termine con un auto que no admite recurso, y disfrutar\u00e1 de un procedimiento, como hasta ahora, con los mismos tiempos de tramitaci\u00f3n, obteniendo una sentencia que podr\u00e1 recurrir en apelaci\u00f3n, lo que supondr\u00e1, en la pr\u00e1ctica, que <strong>nada habr\u00e1 cambiado<\/strong>.<\/p>\n<p>Pero no termina aqu\u00ed nuestro an\u00e1lisis critico. En caso de que el condenado formalice recurso de apelaci\u00f3n contra la sentencia, <strong>echamos de menos alguna modificaci\u00f3n legislativa que facilite la ejecuci\u00f3n provisional<\/strong> teniendo en cuenta que los Juzgados no son favorables a admitirla aduciendo que\u00a0\u201c<em>debe entenderse que <strong>la ejecuci\u00f3n provisional de la sentencia dictada en un juicio de desahucio, como regla general supone un perjuicio dif\u00edcil o de imposible reparaci\u00f3n <\/strong>\u2026\u2026; as\u00ed el ATC (<\/em>interlocut\u00f2ria del Tribunal Constitucional<em>) Sala 2\u00aa de 16 de julio de 2001 n \u00ba 210\/2001 viene a se\u00f1alar &#8220;que la ejecuci\u00f3n de aquellas resoluciones judiciales que declaran la extinci\u00f3n o resoluci\u00f3n de la relaci\u00f3n arrendaticia y condenan al arrendatario al desalojo de la vivienda o local arrendado pueden originar un perjuicio dif\u00edcilmente reparable en su integridad, y <strong>generan una situaci\u00f3n irreversible que aconseja optar por la suspensi\u00f3n de la ejecuci\u00f3n<\/strong> (AATC 464\/1985, 684\/1986, 405\/1989, 234\/1995, 203\/1999, 174\/2000)<\/em>.\u201d Por ejemplo, <strong>la Audiencia Provincial de Madrid (Secci\u00f3 9\u00aa) en su interlocutora n\u00fam. 308\/2006 de 5 d\u2019octubre.<\/strong><\/p>\n<p><strong>Si esto es as\u00ed, seguimos donde est\u00e1bamos.<\/strong><\/p>\n<p>S\u00f3lo os explicaremos una \u00faltima novedad. Se permitir\u00e1 la ejecuci\u00f3n directa sin necesidad de que transcurra el plazo de 20 d\u00edas previsto en el art\u00edculo 548 LEC. Es decir, si en condiciones normales la Ley de Enjuiciamiento Civil establece que la parte condenada tiene 20 d\u00edas h\u00e1biles para interponer recurso de apelaci\u00f3n y pasado este plazo, quien ha obtenido un pronunciamiento a su favor tiene que esperar 20 d\u00edas h\u00e1biles m\u00e1s para ejecutar la sentencia, en los supuestos que nos ocupan este segundo periodo desaparece y se podr\u00e1 ejecutar directamente sin respetar ese plazo de espera.<\/p>\n<p>&nbsp;<\/p>\n<p>A nuestro entender, no estamos frente a un mecanismo de desocupaci\u00f3n express generalizado, ni mucho menos.<\/p>\n<p><strong>Quedamos como siempre a vuestra disposici\u00f3n para atender las dudas que os surjan.\u00a0<\/strong><\/p>\n<p>&nbsp;<\/p>\n<p><strong>Cristi\u00e0 Ventosa Cruset.<\/strong> Advocat<br \/>\n<strong>Cristina Espallargas Casellas.<\/strong> Advocada<br \/>\nDepartament Civil i Processal Civil de PATRIMOINIA ADVOCATS I ECONOMISTES, S.L.P<\/p>\n","protected":false},"excerpt":{"rendered":"<p>Se nos explica en la exposici\u00f3n de motivos de la Ley 5\/2018 que la realidad socioecon\u00f3mica de los \u00faltimos a\u00f1os ha producido que aumente el n\u00famero de desahucios, afectando sobre todo a personas que se encuentran en una situaci\u00f3n sobrevenida de vulnerabilidad econ\u00f3mica y de exclusi\u00f3n residencial y al mismo tiempo tambi\u00e9n se nos explica [&hellip;]<\/p>\n","protected":false},"author":1,"featured_media":23151,"comment_status":"open","ping_status":"open","sticky":false,"template":"","format":"standard","meta":{"footnotes":""},"categories":[476],"tags":[477,478,479,484,485,486,487],"class_list":["post-23179","post","type-post","status-publish","format-standard","has-post-thumbnail","hentry","category-juridico","tag-alquiler-es","tag-legislacio-es","tag-legislacion","tag-desnonaments-es","tag-juridic-es","tag-juridico","tag-desahucios"],"yoast_head":"<!-- This site is optimized with the Yoast SEO plugin v27.3 - https:\/\/yoast.com\/product\/yoast-seo-wordpress\/ -->\n<title>Comentario de la Ley de Enjuiciamiento Civil de ocupaci\u00f3n ilegal<\/title>\n<meta name=\"description\" content=\"Comentario sobre la promulgaci\u00f3n y entrada en vigor de la Ley 5\/2018, de modificaci\u00f3n de la Ley 1\/2000, en relaci\u00f3n con la ocupaci\u00f3n ilegal de viviendas\" \/>\n<meta name=\"robots\" content=\"index, follow, max-snippet:-1, max-image-preview:large, max-video-preview:-1\" \/>\n<link rel=\"canonical\" href=\"https:\/\/masifill.com\/llei-ocupacio-ilegal\/\" \/>\n<meta property=\"og:locale\" content=\"es_ES\" \/>\n<meta property=\"og:type\" content=\"article\" \/>\n<meta property=\"og:title\" content=\"Comentario de la Ley de Enjuiciamiento Civil de ocupaci\u00f3n ilegal\" \/>\n<meta property=\"og:description\" content=\"Comentario sobre la promulgaci\u00f3n y entrada en vigor de la Ley 5\/2018, de modificaci\u00f3n de la Ley 1\/2000, en relaci\u00f3n con la ocupaci\u00f3n ilegal de viviendas\" \/>\n<meta property=\"og:url\" content=\"https:\/\/masifill.com\/llei-ocupacio-ilegal\/\" \/>\n<meta property=\"og:site_name\" content=\"MasiFill Patrimonia\" \/>\n<meta property=\"article:published_time\" content=\"2018-09-20T08:16:47+00:00\" \/>\n<meta property=\"article:modified_time\" content=\"2021-09-23T12:55:04+00:00\" \/>\n<meta property=\"og:image\" content=\"https:\/\/masifill.com\/wp-content\/uploads\/Ocupacio_Ilegal_pisos.jpg\" \/>\n\t<meta property=\"og:image:width\" content=\"1440\" \/>\n\t<meta property=\"og:image:height\" content=\"900\" \/>\n\t<meta property=\"og:image:type\" content=\"image\/jpeg\" \/>\n<meta name=\"author\" content=\"masifill_adm_patrimonia\" \/>\n<meta name=\"twitter:card\" content=\"summary_large_image\" \/>\n<meta name=\"twitter:label1\" content=\"Escrito por\" \/>\n\t<meta name=\"twitter:data1\" content=\"masifill_adm_patrimonia\" \/>\n\t<meta name=\"twitter:label2\" content=\"Tiempo de lectura\" \/>\n\t<meta name=\"twitter:data2\" content=\"5 minutos\" \/>\n<script type=\"application\/ld+json\" class=\"yoast-schema-graph\">{\"@context\":\"https:\\\/\\\/schema.org\",\"@graph\":[{\"@type\":\"Article\",\"@id\":\"https:\\\/\\\/masifill.com\\\/llei-ocupacio-ilegal\\\/#article\",\"isPartOf\":{\"@id\":\"https:\\\/\\\/masifill.com\\\/llei-ocupacio-ilegal\\\/\"},\"author\":{\"name\":\"masifill_adm_patrimonia\",\"@id\":\"https:\\\/\\\/masifill.com\\\/#\\\/schema\\\/person\\\/56ba0ec6533d6069a2478fccb69c6910\"},\"headline\":\"Comentario sobre la promulgaci\u00f3n y entrada en vigor de la Ley 5\\\/2018, de 11 de junio, de modificaci\u00f3n de la Ley 1\\\/2000, de 7 de enero, de Enjuiciamiento Civil, en relaci\u00f3n con la ocupaci\u00f3n ilegal de viviendas\",\"datePublished\":\"2018-09-20T08:16:47+00:00\",\"dateModified\":\"2021-09-23T12:55:04+00:00\",\"mainEntityOfPage\":{\"@id\":\"https:\\\/\\\/masifill.com\\\/llei-ocupacio-ilegal\\\/\"},\"wordCount\":1133,\"commentCount\":0,\"image\":{\"@id\":\"https:\\\/\\\/masifill.com\\\/llei-ocupacio-ilegal\\\/#primaryimage\"},\"thumbnailUrl\":\"https:\\\/\\\/masifill.com\\\/wp-content\\\/uploads\\\/Ocupacio_Ilegal_pisos.jpg\",\"keywords\":[\"Alquiler\",\"legislaci\u00f3\",\"legislaci\u00f3n\",\"desnonaments\",\"jur\u00eddic\",\"jur\u00eddico\",\"desahucios\"],\"articleSection\":[\"Jur\u00eddico\"],\"inLanguage\":\"es\",\"potentialAction\":[{\"@type\":\"CommentAction\",\"name\":\"Comment\",\"target\":[\"https:\\\/\\\/masifill.com\\\/llei-ocupacio-ilegal\\\/#respond\"]}]},{\"@type\":\"WebPage\",\"@id\":\"https:\\\/\\\/masifill.com\\\/llei-ocupacio-ilegal\\\/\",\"url\":\"https:\\\/\\\/masifill.com\\\/llei-ocupacio-ilegal\\\/\",\"name\":\"Comentario de la Ley de Enjuiciamiento Civil de ocupaci\u00f3n ilegal\",\"isPartOf\":{\"@id\":\"https:\\\/\\\/masifill.com\\\/#website\"},\"primaryImageOfPage\":{\"@id\":\"https:\\\/\\\/masifill.com\\\/llei-ocupacio-ilegal\\\/#primaryimage\"},\"image\":{\"@id\":\"https:\\\/\\\/masifill.com\\\/llei-ocupacio-ilegal\\\/#primaryimage\"},\"thumbnailUrl\":\"https:\\\/\\\/masifill.com\\\/wp-content\\\/uploads\\\/Ocupacio_Ilegal_pisos.jpg\",\"datePublished\":\"2018-09-20T08:16:47+00:00\",\"dateModified\":\"2021-09-23T12:55:04+00:00\",\"author\":{\"@id\":\"https:\\\/\\\/masifill.com\\\/#\\\/schema\\\/person\\\/56ba0ec6533d6069a2478fccb69c6910\"},\"description\":\"Comentario sobre la promulgaci\u00f3n y entrada en vigor de la Ley 5\\\/2018, de modificaci\u00f3n de la Ley 1\\\/2000, en relaci\u00f3n con la ocupaci\u00f3n ilegal de viviendas\",\"breadcrumb\":{\"@id\":\"https:\\\/\\\/masifill.com\\\/llei-ocupacio-ilegal\\\/#breadcrumb\"},\"inLanguage\":\"es\",\"potentialAction\":[{\"@type\":\"ReadAction\",\"target\":[\"https:\\\/\\\/masifill.com\\\/llei-ocupacio-ilegal\\\/\"]}]},{\"@type\":\"ImageObject\",\"inLanguage\":\"es\",\"@id\":\"https:\\\/\\\/masifill.com\\\/llei-ocupacio-ilegal\\\/#primaryimage\",\"url\":\"https:\\\/\\\/masifill.com\\\/wp-content\\\/uploads\\\/Ocupacio_Ilegal_pisos.jpg\",\"contentUrl\":\"https:\\\/\\\/masifill.com\\\/wp-content\\\/uploads\\\/Ocupacio_Ilegal_pisos.jpg\",\"width\":1440,\"height\":900},{\"@type\":\"BreadcrumbList\",\"@id\":\"https:\\\/\\\/masifill.com\\\/llei-ocupacio-ilegal\\\/#breadcrumb\",\"itemListElement\":[{\"@type\":\"ListItem\",\"position\":1,\"name\":\"Inici\",\"item\":\"https:\\\/\\\/masifill.com\\\/es\\\/\"},{\"@type\":\"ListItem\",\"position\":2,\"name\":\"Comentario sobre la promulgaci\u00f3n y entrada en vigor de la Ley 5\\\/2018, de 11 de junio, de modificaci\u00f3n de la Ley 1\\\/2000, de 7 de enero, de Enjuiciamiento Civil, en relaci\u00f3n con la ocupaci\u00f3n ilegal de viviendas\"}]},{\"@type\":\"WebSite\",\"@id\":\"https:\\\/\\\/masifill.com\\\/#website\",\"url\":\"https:\\\/\\\/masifill.com\\\/\",\"name\":\"MasiFill Patrimonia\",\"description\":\"Altre lloc gestionat amb el WordPress\",\"potentialAction\":[{\"@type\":\"SearchAction\",\"target\":{\"@type\":\"EntryPoint\",\"urlTemplate\":\"https:\\\/\\\/masifill.com\\\/?s={search_term_string}\"},\"query-input\":{\"@type\":\"PropertyValueSpecification\",\"valueRequired\":true,\"valueName\":\"search_term_string\"}}],\"inLanguage\":\"es\"},{\"@type\":\"Person\",\"@id\":\"https:\\\/\\\/masifill.com\\\/#\\\/schema\\\/person\\\/56ba0ec6533d6069a2478fccb69c6910\",\"name\":\"masifill_adm_patrimonia\",\"image\":{\"@type\":\"ImageObject\",\"inLanguage\":\"es\",\"@id\":\"https:\\\/\\\/secure.gravatar.com\\\/avatar\\\/16e313bec43c19e0fda55eedec8b39d24bc982ea50cecfda3957056676e80d7a?s=96&d=mm&r=g\",\"url\":\"https:\\\/\\\/secure.gravatar.com\\\/avatar\\\/16e313bec43c19e0fda55eedec8b39d24bc982ea50cecfda3957056676e80d7a?s=96&d=mm&r=g\",\"contentUrl\":\"https:\\\/\\\/secure.gravatar.com\\\/avatar\\\/16e313bec43c19e0fda55eedec8b39d24bc982ea50cecfda3957056676e80d7a?s=96&d=mm&r=g\",\"caption\":\"masifill_adm_patrimonia\"},\"url\":\"https:\\\/\\\/masifill.com\\\/es\\\/author\\\/masifill_adm_patrimonia\\\/\"}]}<\/script>\n<!-- \/ Yoast SEO plugin. -->","yoast_head_json":{"title":"Comentario de la Ley de Enjuiciamiento Civil de ocupaci\u00f3n ilegal","description":"Comentario sobre la promulgaci\u00f3n y entrada en vigor de la Ley 5\/2018, de modificaci\u00f3n de la Ley 1\/2000, en relaci\u00f3n con la ocupaci\u00f3n ilegal de viviendas","robots":{"index":"index","follow":"follow","max-snippet":"max-snippet:-1","max-image-preview":"max-image-preview:large","max-video-preview":"max-video-preview:-1"},"canonical":"https:\/\/masifill.com\/llei-ocupacio-ilegal\/","og_locale":"es_ES","og_type":"article","og_title":"Comentario de la Ley de Enjuiciamiento Civil de ocupaci\u00f3n ilegal","og_description":"Comentario sobre la promulgaci\u00f3n y entrada en vigor de la Ley 5\/2018, de modificaci\u00f3n de la Ley 1\/2000, en relaci\u00f3n con la ocupaci\u00f3n ilegal de viviendas","og_url":"https:\/\/masifill.com\/llei-ocupacio-ilegal\/","og_site_name":"MasiFill Patrimonia","article_published_time":"2018-09-20T08:16:47+00:00","article_modified_time":"2021-09-23T12:55:04+00:00","og_image":[{"width":1440,"height":900,"url":"https:\/\/masifill.com\/wp-content\/uploads\/Ocupacio_Ilegal_pisos.jpg","type":"image\/jpeg"}],"author":"masifill_adm_patrimonia","twitter_card":"summary_large_image","twitter_misc":{"Escrito por":"masifill_adm_patrimonia","Tiempo de lectura":"5 minutos"},"schema":{"@context":"https:\/\/schema.org","@graph":[{"@type":"Article","@id":"https:\/\/masifill.com\/llei-ocupacio-ilegal\/#article","isPartOf":{"@id":"https:\/\/masifill.com\/llei-ocupacio-ilegal\/"},"author":{"name":"masifill_adm_patrimonia","@id":"https:\/\/masifill.com\/#\/schema\/person\/56ba0ec6533d6069a2478fccb69c6910"},"headline":"Comentario sobre la promulgaci\u00f3n y entrada en vigor de la Ley 5\/2018, de 11 de junio, de modificaci\u00f3n de la Ley 1\/2000, de 7 de enero, de Enjuiciamiento Civil, en relaci\u00f3n con la ocupaci\u00f3n ilegal de viviendas","datePublished":"2018-09-20T08:16:47+00:00","dateModified":"2021-09-23T12:55:04+00:00","mainEntityOfPage":{"@id":"https:\/\/masifill.com\/llei-ocupacio-ilegal\/"},"wordCount":1133,"commentCount":0,"image":{"@id":"https:\/\/masifill.com\/llei-ocupacio-ilegal\/#primaryimage"},"thumbnailUrl":"https:\/\/masifill.com\/wp-content\/uploads\/Ocupacio_Ilegal_pisos.jpg","keywords":["Alquiler","legislaci\u00f3","legislaci\u00f3n","desnonaments","jur\u00eddic","jur\u00eddico","desahucios"],"articleSection":["Jur\u00eddico"],"inLanguage":"es","potentialAction":[{"@type":"CommentAction","name":"Comment","target":["https:\/\/masifill.com\/llei-ocupacio-ilegal\/#respond"]}]},{"@type":"WebPage","@id":"https:\/\/masifill.com\/llei-ocupacio-ilegal\/","url":"https:\/\/masifill.com\/llei-ocupacio-ilegal\/","name":"Comentario de la Ley de Enjuiciamiento Civil de ocupaci\u00f3n ilegal","isPartOf":{"@id":"https:\/\/masifill.com\/#website"},"primaryImageOfPage":{"@id":"https:\/\/masifill.com\/llei-ocupacio-ilegal\/#primaryimage"},"image":{"@id":"https:\/\/masifill.com\/llei-ocupacio-ilegal\/#primaryimage"},"thumbnailUrl":"https:\/\/masifill.com\/wp-content\/uploads\/Ocupacio_Ilegal_pisos.jpg","datePublished":"2018-09-20T08:16:47+00:00","dateModified":"2021-09-23T12:55:04+00:00","author":{"@id":"https:\/\/masifill.com\/#\/schema\/person\/56ba0ec6533d6069a2478fccb69c6910"},"description":"Comentario sobre la promulgaci\u00f3n y entrada en vigor de la Ley 5\/2018, de modificaci\u00f3n de la Ley 1\/2000, en relaci\u00f3n con la ocupaci\u00f3n ilegal de viviendas","breadcrumb":{"@id":"https:\/\/masifill.com\/llei-ocupacio-ilegal\/#breadcrumb"},"inLanguage":"es","potentialAction":[{"@type":"ReadAction","target":["https:\/\/masifill.com\/llei-ocupacio-ilegal\/"]}]},{"@type":"ImageObject","inLanguage":"es","@id":"https:\/\/masifill.com\/llei-ocupacio-ilegal\/#primaryimage","url":"https:\/\/masifill.com\/wp-content\/uploads\/Ocupacio_Ilegal_pisos.jpg","contentUrl":"https:\/\/masifill.com\/wp-content\/uploads\/Ocupacio_Ilegal_pisos.jpg","width":1440,"height":900},{"@type":"BreadcrumbList","@id":"https:\/\/masifill.com\/llei-ocupacio-ilegal\/#breadcrumb","itemListElement":[{"@type":"ListItem","position":1,"name":"Inici","item":"https:\/\/masifill.com\/es\/"},{"@type":"ListItem","position":2,"name":"Comentario sobre la promulgaci\u00f3n y entrada en vigor de la Ley 5\/2018, de 11 de junio, de modificaci\u00f3n de la Ley 1\/2000, de 7 de enero, de Enjuiciamiento Civil, en relaci\u00f3n con la ocupaci\u00f3n ilegal de viviendas"}]},{"@type":"WebSite","@id":"https:\/\/masifill.com\/#website","url":"https:\/\/masifill.com\/","name":"MasiFill Patrimonia","description":"Altre lloc gestionat amb el WordPress","potentialAction":[{"@type":"SearchAction","target":{"@type":"EntryPoint","urlTemplate":"https:\/\/masifill.com\/?s={search_term_string}"},"query-input":{"@type":"PropertyValueSpecification","valueRequired":true,"valueName":"search_term_string"}}],"inLanguage":"es"},{"@type":"Person","@id":"https:\/\/masifill.com\/#\/schema\/person\/56ba0ec6533d6069a2478fccb69c6910","name":"masifill_adm_patrimonia","image":{"@type":"ImageObject","inLanguage":"es","@id":"https:\/\/secure.gravatar.com\/avatar\/16e313bec43c19e0fda55eedec8b39d24bc982ea50cecfda3957056676e80d7a?s=96&d=mm&r=g","url":"https:\/\/secure.gravatar.com\/avatar\/16e313bec43c19e0fda55eedec8b39d24bc982ea50cecfda3957056676e80d7a?s=96&d=mm&r=g","contentUrl":"https:\/\/secure.gravatar.com\/avatar\/16e313bec43c19e0fda55eedec8b39d24bc982ea50cecfda3957056676e80d7a?s=96&d=mm&r=g","caption":"masifill_adm_patrimonia"},"url":"https:\/\/masifill.com\/es\/author\/masifill_adm_patrimonia\/"}]}},"_links":{"self":[{"href":"https:\/\/masifill.com\/es\/wp-json\/wp\/v2\/posts\/23179","targetHints":{"allow":["GET"]}}],"collection":[{"href":"https:\/\/masifill.com\/es\/wp-json\/wp\/v2\/posts"}],"about":[{"href":"https:\/\/masifill.com\/es\/wp-json\/wp\/v2\/types\/post"}],"author":[{"embeddable":true,"href":"https:\/\/masifill.com\/es\/wp-json\/wp\/v2\/users\/1"}],"replies":[{"embeddable":true,"href":"https:\/\/masifill.com\/es\/wp-json\/wp\/v2\/comments?post=23179"}],"version-history":[{"count":3,"href":"https:\/\/masifill.com\/es\/wp-json\/wp\/v2\/posts\/23179\/revisions"}],"predecessor-version":[{"id":34824,"href":"https:\/\/masifill.com\/es\/wp-json\/wp\/v2\/posts\/23179\/revisions\/34824"}],"wp:featuredmedia":[{"embeddable":true,"href":"https:\/\/masifill.com\/es\/wp-json\/wp\/v2\/media\/23151"}],"wp:attachment":[{"href":"https:\/\/masifill.com\/es\/wp-json\/wp\/v2\/media?parent=23179"}],"wp:term":[{"taxonomy":"category","embeddable":true,"href":"https:\/\/masifill.com\/es\/wp-json\/wp\/v2\/categories?post=23179"},{"taxonomy":"post_tag","embeddable":true,"href":"https:\/\/masifill.com\/es\/wp-json\/wp\/v2\/tags?post=23179"}],"curies":[{"name":"wp","href":"https:\/\/api.w.org\/{rel}","templated":true}]}}