{"id":60750,"date":"2023-06-02T09:39:14","date_gmt":"2023-06-02T07:39:14","guid":{"rendered":"https:\/\/masifill.com\/nova-llei-de-lhabitatge\/"},"modified":"2023-06-02T14:12:29","modified_gmt":"2023-06-02T12:12:29","slug":"nova-llei-de-lhabitatge","status":"publish","type":"post","link":"https:\/\/masifill.com\/es\/nova-llei-de-lhabitatge\/","title":{"rendered":"Entra en vigor la nueva ley de vivienda"},"content":{"rendered":"<p>En aquest post fem un breu resum de la nova llei de l\u2019habitatge (<em>Ley 12\/2023, de 24 de mayo, por el derecho a la vivienda<\/em>)<\/p>\n<p><strong>Aquesta llei busca limitar el preu dels lloguers a les zones que es declarin tensionades. Establir\u00e0 un nou \u00edndex de refer\u00e8ncia per actualitzar les rendes diferent a l\u2019IPC, modifica i crea els avantatges fiscals per arrendament d\u2019habitatges i regula els desnonaments i modifica la consideraci\u00f3 de gran tenidor.<\/strong><\/p>\n<p>Tot i que el vigor de la llei \u00e9s des de l\u2019endem\u00e0 de la seva publicaci\u00f3 al BOE, \u00e9s a dir, a partir del 26 de maig, no totes les mesures previstes a la norma s\u00f3n d\u2019aplicaci\u00f3 immediata.<\/p>\n<p>Queda pendent la creaci\u00f3 de zones tensionades i les seves implicacions han d\u2019esperar a la seva declaraci\u00f3 per part de les comunitats aut\u00f2nomes o ajuntaments i la seva posterior publicaci\u00f3 pel Ministerio de Transportes, Mobilidad y Agenda Urbana i la creaci\u00f3 d\u2019un \u00edndex de preu de lloguer.<\/p>\n<p>&nbsp;<\/p>\n<p><img loading=\"lazy\" decoding=\"async\" class=\"alignnone size-full wp-image-60745\" src=\"https:\/\/masifill.com\/wp-content\/uploads\/lley_habitatge_MASIFILL_2.jpg\" alt=\"\" width=\"4742\" height=\"2405\" srcset=\"https:\/\/masifill.com\/wp-content\/uploads\/lley_habitatge_MASIFILL_2.jpg 4742w, https:\/\/masifill.com\/wp-content\/uploads\/lley_habitatge_MASIFILL_2-300x152.jpg 300w, https:\/\/masifill.com\/wp-content\/uploads\/lley_habitatge_MASIFILL_2-768x390.jpg 768w, https:\/\/masifill.com\/wp-content\/uploads\/lley_habitatge_MASIFILL_2-1024x519.jpg 1024w, https:\/\/masifill.com\/wp-content\/uploads\/lley_habitatge_MASIFILL_2-150x76.jpg 150w, https:\/\/masifill.com\/wp-content\/uploads\/lley_habitatge_MASIFILL_2-350x178.jpg 350w, https:\/\/masifill.com\/wp-content\/uploads\/lley_habitatge_MASIFILL_2-946x480.jpg 946w\" sizes=\"auto, (max-width: 4742px) 100vw, 4742px\" \/><\/p>\n<hr \/>\n<h3><strong>Les mesures que afecten als arrendaments d\u2019habitatge, i que entren en vigor des de la publicaci\u00f3 de la llei han estat:<\/strong><\/h3>\n<p style=\"padding-left: 40px;\"><strong>Topall increment renda<\/strong>.<br \/>\nIndependentment de com evolucioni l\u2019IPC, es fixa un increment de rendes del 2% durant l\u2019any 2023 i 3% durant l\u2019any 2024. Aquest topall substitueix l\u2019IPC o altres \u00edndex, \u00e9s obligatori per als grans tenidors i els petits tenidors podran pactar en contrari si est\u00e0 d\u2019acord el llogater, per\u00f2 a falta d\u2019acord amb el llogater fa obligatori l\u2019aplicaci\u00f3 del topall. A partir de 2025 ser\u00e0 d\u2019aplicaci\u00f3 un nou \u00edndex pendent de publicaci\u00f3.<\/p>\n<p style=\"padding-left: 40px;\"><strong>Informaci\u00f3 en lloguers i vendes<\/strong>.<br \/>\nTamb\u00e9 \u00e9s obligatori, en un arrendament o una venda, a part de donar informaci\u00f3 econ\u00f2mica de la operaci\u00f3 o l\u2019estat de l\u2019immoble, la identificaci\u00f3 del venedor o arrendador, sigui aquest persona f\u00edsica o jur\u00eddica.<\/p>\n<p style=\"padding-left: 40px;\"><strong>Pr\u00f2rrogues de contracte<\/strong>.<br \/>\nEl llogater podr\u00e0 beneficiar-se d\u2019una pr\u00f2rroga extraordin\u00e0ria del contracte d\u2019un any si acredita una situaci\u00f3 de vulnerabilitat social i econ\u00f2mica i el propietari sigui gran tenidor.<\/p>\n<p style=\"padding-left: 40px;\"><strong>Rec\u00e0rrec a l\u2019IBI<\/strong>.<br \/>\nLa llei tamb\u00e9 preveu que puguin aplicar-se rec\u00e0rrecs a l\u2019IBI en el cas \u00a0d\u2019habitatges buits.<\/p>\n<p style=\"padding-left: 40px;\"><strong>Pagament per mitjans electr\u00f2nics<\/strong>.<br \/>\nLa llei tamb\u00e9 estableix com a norma general que els pagaments de les rendes es realitzin per mitjans electr\u00f2nics. Nom\u00e9s amb l\u2019excepci\u00f3 que alguna de les parts no tingui compte bancari.<\/p>\n<p style=\"padding-left: 40px;\"><strong>Despeses gesti\u00f3 a c\u00e0rrec del propietari<\/strong>.<br \/>\nUn altre canvi que \u00e9s d\u2019aplicaci\u00f3 \u00e9s que les despeses de gesti\u00f3 immobili\u00e0ria i de formalitzaci\u00f3 de contracte s\u00f3n a c\u00e0rrec de l\u2019arrendador.<\/p>\n<p style=\"padding-left: 40px;\"><strong>Canvis als desnonaments.<br \/>\n<\/strong>Al propietari se li obliga a indicar si \u00e9s gran tenidor i si l\u2019immoble \u00e9s l\u2019habitatge habitual del llogater. En el cas que la propietat sigui gran tenidor se li imposa la obligaci\u00f3 d\u2019acreditar si el llogater es troba o no en vulnerabilitat econ\u00f2mica. En el cas que \u00e9s compleixin les dues casu\u00edstiques, que el propietari sigui gran tenidor i el llogater es trobi en vulnerabilitat econ\u00f2mica, \u00e9s necessari que s\u2019hagi realitzat un procediment de conciliaci\u00f3 entre les parts que ser\u00e0 establert per les administracions competents abans de que la demanda sigui admesa a tr\u00e0mit.<\/p>\n<p>&nbsp;<\/p>\n<hr \/>\n<h3><strong>Les mesures que entraran en vigor a partir de la declaraci\u00f3 de zona tensionada s\u00f3n:<\/strong><\/h3>\n<p style=\"padding-left: 40px;\"><strong>Canvis en la condici\u00f3 de gran tenidor<\/strong>.<br \/>\nLa condici\u00f3 de gran tenidor venia definida pel RDL 11\/2021, de 31 de mar\u00e7 com a aquella persona f\u00edsica o jur\u00eddica que fos titular de m\u00e9s de 10 immobles urbans, exclosos garatges i trasters, o una superf\u00edcies constru\u00efda de mes de 1500m2. A les zones tensionades el gran tenidor podr\u00e0 passar a ser aquell propietari de 5 o m\u00e9s immobles urbans d\u2019\u00fas residencial ubicats en aquella zona.<\/p>\n<p style=\"padding-left: 40px;\"><strong>Limitacions en els nous contractes<\/strong>.<br \/>\nEn el cas d\u2019un propietari no gran tenidor la renda del nou contracte no podr\u00e0 ser superior a la darrera renda de l\u2019habitatge si \u00e9s que aquest hagu\u00e9s estat llogat. No s\u2019hi podr\u00e0 aplicar repercussions o despeses no recollides en el contracte anterior.<\/p>\n<p style=\"padding-left: 40px;\">La renda podr\u00e0 incrementar-se en un 10% si s\u2019ha realitzat obres de rehabilitaci\u00f3, millora d\u2019efici\u00e8ncia energ\u00e8tica o accessibilitat els dos anys anteriors a la signatura del nou contracte.<\/p>\n<p style=\"padding-left: 40px;\">Tamb\u00e9 es podr\u00e0 incrementar la renda en un 10% si el nou arrendament \u00e9s per un per\u00edode igual o superior als 10 anys o es pugi prorrogar fins aquesta durada a voluntat de l\u2019arrendatari.<\/p>\n<p style=\"padding-left: 40px;\">En el cas de grans tenidors la renda ser\u00e0 la m\u00e9s baixa d\u2019entre la renda de l\u2019anterior contracte o la de l\u2019\u00edndex del preu de refer\u00e8ncia.<\/p>\n<p style=\"padding-left: 40px;\"><strong>Deduccions fiscals<\/strong>.<br \/>\nAquestes modificacions entren en vigor a partir de l\u20191 de gener de 2024. Com a norma general, la reducci\u00f3 a l\u2019IRPF de que es beneficiava el propietari per arrendament d\u2019habitatge es redueix, i passar\u00e0 del 60% actual al 50%.<\/p>\n<p style=\"padding-left: 40px;\">En els casos on s\u2019hagi declarat zona tensionada la reducci\u00f3 podr\u00e0 ser de fins al 90% en els casos on la renda inicial es rebaixi en un 5% respecte a la renda anterior.<\/p>\n<p style=\"padding-left: 40px;\">Tamb\u00e9 en les zones tensionades, s\u2019aplicar\u00e0 una bonificaci\u00f3 del 70% als rendiments provinents de la incorporaci\u00f3 al mercat d\u2019habitatges que es destinin a joves d\u2019entre 18 i 35 anys i en determinades condicions a administracions p\u00fabliques o entitats del tercer sector .<\/p>\n<p style=\"padding-left: 40px;\">A les esmentades zones tensionades, s\u2019aplicar\u00e0 una reducci\u00f3 del 70% si s\u2019ha rehabilitat l\u2019habitatge en els dos anys anteriors.<\/p>\n<p style=\"padding-left: 40px;\"><strong>Pr\u00f2rroga extraordin\u00e0ria.<br \/>\n<\/strong>El llogater podr\u00e0 beneficiar-se d\u2019una pr\u00f2rroga extraordin\u00e0ria del contracte per un per\u00edode m\u00e0xim de tres anys sense fer distinci\u00f3 si el propietari \u00e9s gran o petit tenidor.<\/p>\n","protected":false},"excerpt":{"rendered":"<p>En aquest post fem un breu resum de la nova llei de l\u2019habitatge (Ley 12\/2023, de 24 de mayo, por el derecho a la vivienda) Aquesta llei busca limitar el preu dels lloguers a les zones que es declarin tensionades. Establir\u00e0 un nou \u00edndex de refer\u00e8ncia per actualitzar les rendes diferent a l\u2019IPC, modifica i [&hellip;]<\/p>\n","protected":false},"author":1,"featured_media":60744,"comment_status":"open","ping_status":"open","sticky":false,"template":"","format":"standard","meta":{"footnotes":""},"categories":[474,476],"tags":[694,695,696,697,566,690,692,693],"class_list":["post-60750","post","type-post","status-publish","format-standard","has-post-thumbnail","hentry","category-noticias","category-juridico","tag-arrendamientos","tag-ley","tag-alquileres","tag-ley-12-2023","tag-vivienda","tag-arrendaments-es","tag-lley-es","tag-lloguers-es"],"yoast_head":"<!-- This site is optimized with the Yoast SEO plugin v27.3 - https:\/\/yoast.com\/product\/yoast-seo-wordpress\/ -->\n<title>Nova llei de l\u2019habitatge<\/title>\n<meta name=\"description\" content=\"Aquesta llei busca limitar el preu dels lloguers a les zones que es declarin tensionades. Establir\u00e0 un nou \u00edndex de refer\u00e8ncia per actualitzar les rendes diferent a l\u2019IPC, modifica i crea els avantatges fiscals per arrendament d\u2019habitatges i regula els desnonaments i modifica la consideraci\u00f3 de gran tenidor.\" \/>\n<meta name=\"robots\" content=\"index, follow, max-snippet:-1, max-image-preview:large, max-video-preview:-1\" \/>\n<link rel=\"canonical\" href=\"https:\/\/masifill.com\/nova-llei-de-lhabitatge\/\" \/>\n<meta property=\"og:locale\" content=\"es_ES\" \/>\n<meta property=\"og:type\" content=\"article\" \/>\n<meta property=\"og:title\" content=\"Nova llei de l\u2019habitatge\" \/>\n<meta property=\"og:description\" content=\"Aquesta llei busca limitar el preu dels lloguers a les zones que es declarin tensionades. Establir\u00e0 un nou \u00edndex de refer\u00e8ncia per actualitzar les rendes diferent a l\u2019IPC, modifica i crea els avantatges fiscals per arrendament d\u2019habitatges i regula els desnonaments i modifica la consideraci\u00f3 de gran tenidor.\" \/>\n<meta property=\"og:url\" content=\"https:\/\/masifill.com\/nova-llei-de-lhabitatge\/\" \/>\n<meta property=\"og:site_name\" content=\"MasiFill Patrimonia\" \/>\n<meta property=\"article:published_time\" content=\"2023-06-02T07:39:14+00:00\" \/>\n<meta property=\"article:modified_time\" content=\"2023-06-02T12:12:29+00:00\" \/>\n<meta property=\"og:image\" content=\"https:\/\/masifill.com\/wp-content\/uploads\/lley_habitatge_MASIFILL.jpg\" \/>\n\t<meta property=\"og:image:width\" content=\"810\" \/>\n\t<meta property=\"og:image:height\" content=\"430\" \/>\n\t<meta property=\"og:image:type\" content=\"image\/jpeg\" \/>\n<meta name=\"author\" content=\"masifill_adm_patrimonia\" \/>\n<meta name=\"twitter:card\" content=\"summary_large_image\" \/>\n<meta name=\"twitter:label1\" content=\"Escrito por\" \/>\n\t<meta name=\"twitter:data1\" content=\"masifill_adm_patrimonia\" \/>\n\t<meta name=\"twitter:label2\" content=\"Tiempo de lectura\" \/>\n\t<meta name=\"twitter:data2\" content=\"5 minutos\" \/>\n<script type=\"application\/ld+json\" class=\"yoast-schema-graph\">{\"@context\":\"https:\\\/\\\/schema.org\",\"@graph\":[{\"@type\":\"Article\",\"@id\":\"https:\\\/\\\/masifill.com\\\/nova-llei-de-lhabitatge\\\/#article\",\"isPartOf\":{\"@id\":\"https:\\\/\\\/masifill.com\\\/nova-llei-de-lhabitatge\\\/\"},\"author\":{\"name\":\"masifill_adm_patrimonia\",\"@id\":\"https:\\\/\\\/masifill.com\\\/#\\\/schema\\\/person\\\/56ba0ec6533d6069a2478fccb69c6910\"},\"headline\":\"Entra en vigor la nueva ley de vivienda\",\"datePublished\":\"2023-06-02T07:39:14+00:00\",\"dateModified\":\"2023-06-02T12:12:29+00:00\",\"mainEntityOfPage\":{\"@id\":\"https:\\\/\\\/masifill.com\\\/nova-llei-de-lhabitatge\\\/\"},\"wordCount\":968,\"commentCount\":0,\"image\":{\"@id\":\"https:\\\/\\\/masifill.com\\\/nova-llei-de-lhabitatge\\\/#primaryimage\"},\"thumbnailUrl\":\"https:\\\/\\\/masifill.com\\\/wp-content\\\/uploads\\\/lley_habitatge_MASIFILL.jpg\",\"keywords\":[\"arrendamientos\",\"ley\",\"alquileres\",\"Ley 12\\\/2023\",\"vivienda\",\"arrendaments\",\"lley\",\"lloguers\"],\"articleSection\":[\"Noticias\",\"Jur\u00eddico\"],\"inLanguage\":\"es\",\"potentialAction\":[{\"@type\":\"CommentAction\",\"name\":\"Comment\",\"target\":[\"https:\\\/\\\/masifill.com\\\/nova-llei-de-lhabitatge\\\/#respond\"]}]},{\"@type\":\"WebPage\",\"@id\":\"https:\\\/\\\/masifill.com\\\/nova-llei-de-lhabitatge\\\/\",\"url\":\"https:\\\/\\\/masifill.com\\\/nova-llei-de-lhabitatge\\\/\",\"name\":\"Nova llei de l\u2019habitatge\",\"isPartOf\":{\"@id\":\"https:\\\/\\\/masifill.com\\\/#website\"},\"primaryImageOfPage\":{\"@id\":\"https:\\\/\\\/masifill.com\\\/nova-llei-de-lhabitatge\\\/#primaryimage\"},\"image\":{\"@id\":\"https:\\\/\\\/masifill.com\\\/nova-llei-de-lhabitatge\\\/#primaryimage\"},\"thumbnailUrl\":\"https:\\\/\\\/masifill.com\\\/wp-content\\\/uploads\\\/lley_habitatge_MASIFILL.jpg\",\"datePublished\":\"2023-06-02T07:39:14+00:00\",\"dateModified\":\"2023-06-02T12:12:29+00:00\",\"author\":{\"@id\":\"https:\\\/\\\/masifill.com\\\/#\\\/schema\\\/person\\\/56ba0ec6533d6069a2478fccb69c6910\"},\"description\":\"Aquesta llei busca limitar el preu dels lloguers a les zones que es declarin tensionades. Establir\u00e0 un nou \u00edndex de refer\u00e8ncia per actualitzar les rendes diferent a l\u2019IPC, modifica i crea els avantatges fiscals per arrendament d\u2019habitatges i regula els desnonaments i modifica la consideraci\u00f3 de gran tenidor.\",\"breadcrumb\":{\"@id\":\"https:\\\/\\\/masifill.com\\\/nova-llei-de-lhabitatge\\\/#breadcrumb\"},\"inLanguage\":\"es\",\"potentialAction\":[{\"@type\":\"ReadAction\",\"target\":[\"https:\\\/\\\/masifill.com\\\/nova-llei-de-lhabitatge\\\/\"]}]},{\"@type\":\"ImageObject\",\"inLanguage\":\"es\",\"@id\":\"https:\\\/\\\/masifill.com\\\/nova-llei-de-lhabitatge\\\/#primaryimage\",\"url\":\"https:\\\/\\\/masifill.com\\\/wp-content\\\/uploads\\\/lley_habitatge_MASIFILL.jpg\",\"contentUrl\":\"https:\\\/\\\/masifill.com\\\/wp-content\\\/uploads\\\/lley_habitatge_MASIFILL.jpg\",\"width\":810,\"height\":430},{\"@type\":\"BreadcrumbList\",\"@id\":\"https:\\\/\\\/masifill.com\\\/nova-llei-de-lhabitatge\\\/#breadcrumb\",\"itemListElement\":[{\"@type\":\"ListItem\",\"position\":1,\"name\":\"Inici\",\"item\":\"https:\\\/\\\/masifill.com\\\/es\\\/\"},{\"@type\":\"ListItem\",\"position\":2,\"name\":\"Entra en vigor la nueva ley de vivienda\"}]},{\"@type\":\"WebSite\",\"@id\":\"https:\\\/\\\/masifill.com\\\/#website\",\"url\":\"https:\\\/\\\/masifill.com\\\/\",\"name\":\"MasiFill Patrimonia\",\"description\":\"Altre lloc gestionat amb el WordPress\",\"potentialAction\":[{\"@type\":\"SearchAction\",\"target\":{\"@type\":\"EntryPoint\",\"urlTemplate\":\"https:\\\/\\\/masifill.com\\\/?s={search_term_string}\"},\"query-input\":{\"@type\":\"PropertyValueSpecification\",\"valueRequired\":true,\"valueName\":\"search_term_string\"}}],\"inLanguage\":\"es\"},{\"@type\":\"Person\",\"@id\":\"https:\\\/\\\/masifill.com\\\/#\\\/schema\\\/person\\\/56ba0ec6533d6069a2478fccb69c6910\",\"name\":\"masifill_adm_patrimonia\",\"image\":{\"@type\":\"ImageObject\",\"inLanguage\":\"es\",\"@id\":\"https:\\\/\\\/secure.gravatar.com\\\/avatar\\\/16e313bec43c19e0fda55eedec8b39d24bc982ea50cecfda3957056676e80d7a?s=96&d=mm&r=g\",\"url\":\"https:\\\/\\\/secure.gravatar.com\\\/avatar\\\/16e313bec43c19e0fda55eedec8b39d24bc982ea50cecfda3957056676e80d7a?s=96&d=mm&r=g\",\"contentUrl\":\"https:\\\/\\\/secure.gravatar.com\\\/avatar\\\/16e313bec43c19e0fda55eedec8b39d24bc982ea50cecfda3957056676e80d7a?s=96&d=mm&r=g\",\"caption\":\"masifill_adm_patrimonia\"},\"url\":\"https:\\\/\\\/masifill.com\\\/es\\\/author\\\/masifill_adm_patrimonia\\\/\"}]}<\/script>\n<!-- \/ Yoast SEO plugin. -->","yoast_head_json":{"title":"Nova llei de l\u2019habitatge","description":"Aquesta llei busca limitar el preu dels lloguers a les zones que es declarin tensionades. Establir\u00e0 un nou \u00edndex de refer\u00e8ncia per actualitzar les rendes diferent a l\u2019IPC, modifica i crea els avantatges fiscals per arrendament d\u2019habitatges i regula els desnonaments i modifica la consideraci\u00f3 de gran tenidor.","robots":{"index":"index","follow":"follow","max-snippet":"max-snippet:-1","max-image-preview":"max-image-preview:large","max-video-preview":"max-video-preview:-1"},"canonical":"https:\/\/masifill.com\/nova-llei-de-lhabitatge\/","og_locale":"es_ES","og_type":"article","og_title":"Nova llei de l\u2019habitatge","og_description":"Aquesta llei busca limitar el preu dels lloguers a les zones que es declarin tensionades. Establir\u00e0 un nou \u00edndex de refer\u00e8ncia per actualitzar les rendes diferent a l\u2019IPC, modifica i crea els avantatges fiscals per arrendament d\u2019habitatges i regula els desnonaments i modifica la consideraci\u00f3 de gran tenidor.","og_url":"https:\/\/masifill.com\/nova-llei-de-lhabitatge\/","og_site_name":"MasiFill Patrimonia","article_published_time":"2023-06-02T07:39:14+00:00","article_modified_time":"2023-06-02T12:12:29+00:00","og_image":[{"width":810,"height":430,"url":"https:\/\/masifill.com\/wp-content\/uploads\/lley_habitatge_MASIFILL.jpg","type":"image\/jpeg"}],"author":"masifill_adm_patrimonia","twitter_card":"summary_large_image","twitter_misc":{"Escrito por":"masifill_adm_patrimonia","Tiempo de lectura":"5 minutos"},"schema":{"@context":"https:\/\/schema.org","@graph":[{"@type":"Article","@id":"https:\/\/masifill.com\/nova-llei-de-lhabitatge\/#article","isPartOf":{"@id":"https:\/\/masifill.com\/nova-llei-de-lhabitatge\/"},"author":{"name":"masifill_adm_patrimonia","@id":"https:\/\/masifill.com\/#\/schema\/person\/56ba0ec6533d6069a2478fccb69c6910"},"headline":"Entra en vigor la nueva ley de vivienda","datePublished":"2023-06-02T07:39:14+00:00","dateModified":"2023-06-02T12:12:29+00:00","mainEntityOfPage":{"@id":"https:\/\/masifill.com\/nova-llei-de-lhabitatge\/"},"wordCount":968,"commentCount":0,"image":{"@id":"https:\/\/masifill.com\/nova-llei-de-lhabitatge\/#primaryimage"},"thumbnailUrl":"https:\/\/masifill.com\/wp-content\/uploads\/lley_habitatge_MASIFILL.jpg","keywords":["arrendamientos","ley","alquileres","Ley 12\/2023","vivienda","arrendaments","lley","lloguers"],"articleSection":["Noticias","Jur\u00eddico"],"inLanguage":"es","potentialAction":[{"@type":"CommentAction","name":"Comment","target":["https:\/\/masifill.com\/nova-llei-de-lhabitatge\/#respond"]}]},{"@type":"WebPage","@id":"https:\/\/masifill.com\/nova-llei-de-lhabitatge\/","url":"https:\/\/masifill.com\/nova-llei-de-lhabitatge\/","name":"Nova llei de l\u2019habitatge","isPartOf":{"@id":"https:\/\/masifill.com\/#website"},"primaryImageOfPage":{"@id":"https:\/\/masifill.com\/nova-llei-de-lhabitatge\/#primaryimage"},"image":{"@id":"https:\/\/masifill.com\/nova-llei-de-lhabitatge\/#primaryimage"},"thumbnailUrl":"https:\/\/masifill.com\/wp-content\/uploads\/lley_habitatge_MASIFILL.jpg","datePublished":"2023-06-02T07:39:14+00:00","dateModified":"2023-06-02T12:12:29+00:00","author":{"@id":"https:\/\/masifill.com\/#\/schema\/person\/56ba0ec6533d6069a2478fccb69c6910"},"description":"Aquesta llei busca limitar el preu dels lloguers a les zones que es declarin tensionades. Establir\u00e0 un nou \u00edndex de refer\u00e8ncia per actualitzar les rendes diferent a l\u2019IPC, modifica i crea els avantatges fiscals per arrendament d\u2019habitatges i regula els desnonaments i modifica la consideraci\u00f3 de gran tenidor.","breadcrumb":{"@id":"https:\/\/masifill.com\/nova-llei-de-lhabitatge\/#breadcrumb"},"inLanguage":"es","potentialAction":[{"@type":"ReadAction","target":["https:\/\/masifill.com\/nova-llei-de-lhabitatge\/"]}]},{"@type":"ImageObject","inLanguage":"es","@id":"https:\/\/masifill.com\/nova-llei-de-lhabitatge\/#primaryimage","url":"https:\/\/masifill.com\/wp-content\/uploads\/lley_habitatge_MASIFILL.jpg","contentUrl":"https:\/\/masifill.com\/wp-content\/uploads\/lley_habitatge_MASIFILL.jpg","width":810,"height":430},{"@type":"BreadcrumbList","@id":"https:\/\/masifill.com\/nova-llei-de-lhabitatge\/#breadcrumb","itemListElement":[{"@type":"ListItem","position":1,"name":"Inici","item":"https:\/\/masifill.com\/es\/"},{"@type":"ListItem","position":2,"name":"Entra en vigor la nueva ley de vivienda"}]},{"@type":"WebSite","@id":"https:\/\/masifill.com\/#website","url":"https:\/\/masifill.com\/","name":"MasiFill Patrimonia","description":"Altre lloc gestionat amb el WordPress","potentialAction":[{"@type":"SearchAction","target":{"@type":"EntryPoint","urlTemplate":"https:\/\/masifill.com\/?s={search_term_string}"},"query-input":{"@type":"PropertyValueSpecification","valueRequired":true,"valueName":"search_term_string"}}],"inLanguage":"es"},{"@type":"Person","@id":"https:\/\/masifill.com\/#\/schema\/person\/56ba0ec6533d6069a2478fccb69c6910","name":"masifill_adm_patrimonia","image":{"@type":"ImageObject","inLanguage":"es","@id":"https:\/\/secure.gravatar.com\/avatar\/16e313bec43c19e0fda55eedec8b39d24bc982ea50cecfda3957056676e80d7a?s=96&d=mm&r=g","url":"https:\/\/secure.gravatar.com\/avatar\/16e313bec43c19e0fda55eedec8b39d24bc982ea50cecfda3957056676e80d7a?s=96&d=mm&r=g","contentUrl":"https:\/\/secure.gravatar.com\/avatar\/16e313bec43c19e0fda55eedec8b39d24bc982ea50cecfda3957056676e80d7a?s=96&d=mm&r=g","caption":"masifill_adm_patrimonia"},"url":"https:\/\/masifill.com\/es\/author\/masifill_adm_patrimonia\/"}]}},"_links":{"self":[{"href":"https:\/\/masifill.com\/es\/wp-json\/wp\/v2\/posts\/60750","targetHints":{"allow":["GET"]}}],"collection":[{"href":"https:\/\/masifill.com\/es\/wp-json\/wp\/v2\/posts"}],"about":[{"href":"https:\/\/masifill.com\/es\/wp-json\/wp\/v2\/types\/post"}],"author":[{"embeddable":true,"href":"https:\/\/masifill.com\/es\/wp-json\/wp\/v2\/users\/1"}],"replies":[{"embeddable":true,"href":"https:\/\/masifill.com\/es\/wp-json\/wp\/v2\/comments?post=60750"}],"version-history":[{"count":3,"href":"https:\/\/masifill.com\/es\/wp-json\/wp\/v2\/posts\/60750\/revisions"}],"predecessor-version":[{"id":60756,"href":"https:\/\/masifill.com\/es\/wp-json\/wp\/v2\/posts\/60750\/revisions\/60756"}],"wp:featuredmedia":[{"embeddable":true,"href":"https:\/\/masifill.com\/es\/wp-json\/wp\/v2\/media\/60744"}],"wp:attachment":[{"href":"https:\/\/masifill.com\/es\/wp-json\/wp\/v2\/media?parent=60750"}],"wp:term":[{"taxonomy":"category","embeddable":true,"href":"https:\/\/masifill.com\/es\/wp-json\/wp\/v2\/categories?post=60750"},{"taxonomy":"post_tag","embeddable":true,"href":"https:\/\/masifill.com\/es\/wp-json\/wp\/v2\/tags?post=60750"}],"curies":[{"name":"wp","href":"https:\/\/api.w.org\/{rel}","templated":true}]}}