{"id":64710,"date":"2024-01-09T18:34:51","date_gmt":"2024-01-09T16:34:51","guid":{"rendered":"https:\/\/masifill.com\/?p=64710"},"modified":"2024-01-09T18:34:51","modified_gmt":"2024-01-09T16:34:51","slug":"importantes-cambios-en-el-mercado-electrico-introduccion-en-el-real-decreto-446-2023","status":"publish","type":"post","link":"https:\/\/masifill.com\/es\/importantes-cambios-en-el-mercado-electrico-introduccion-en-el-real-decreto-446-2023\/","title":{"rendered":"Importantes cambios en el Mercado El\u00e9ctrico: Introducci\u00f3n en el Real Decreto 446\/2023"},"content":{"rendered":"<p>El pasado 13 de junio, se public\u00f3 el Real Decreto 446\/2023, que supone una revisi\u00f3n sustancial del marco regulatorio el\u00e9ctrico, espec\u00edficamente modificando el Real Decreto 216\/2014 del 28 de marzo. Estas nuevas medidas afectan directamente el Precio Voluntario para el Peque\u00f1o Consumidor (PVPC), la tarifa regulada que alcanza un significativo 34% de los consumidores nacionales, aproximadamente nueve millones de personas.<\/p>\n<h3>Los principales cambios introducidos son los siguientes:<\/h3>\n<hr \/>\n<h3>01 \/ Nueva Metodolog\u00eda del PVPC:<\/h3>\n<p>El Real Decreto presenta una nueva metodolog\u00eda de c\u00e1lculo para el PVPC. Esta tarifa, que regula el precio de la electricidad, experimenta una transformaci\u00f3n que tiene impacto directo en los consumidores.<\/p>\n<hr \/>\n<h3>02 \/ Restriciones en el Acceso al PVPC:<\/h3>\n<p>A partir del 1 de enero de 2024, solo los titulares de los puntos de suministro que sean persones f\u00edsicas o microempresas, con una potencia contratada igual o inferior a 10 kW y tensiones no superiores a 1 kV (BT), podr\u00e1n acogerse al PVPC. (Se incluye al Anexo III un modelo de declaraci\u00f3n responsable sobre la condici\u00f3n de microempresa, definida como aquella con menos de 10 empleados y una facturaci\u00f3n anual inferior a 2 millones de euros).<\/p>\n<hr \/>\n<h3>03 \/ Bono Social Financiado en la Factura:<\/h3>\n<p>A partir del 14 de junio de 2023, se financiar\u00e1 el Bono Social directamente a la factura. Esta medida busca garantizar una mejor accesibilidad y apoyo en los colectivos m\u00e1s vulnerables.<\/p>\n<p>&nbsp;<\/p>\n<p><strong>Comunidades de Propietarios y PVPC:<\/strong> El Real Decreto 446\/2023 tambi\u00e9n hace referencia expl\u00edcita en las Comunidades de Propietarios, incluy\u00e9ndolas dentro de la normativa del PVPC. Esta consideraci\u00f3n se basa en el hecho que las Comunidades de Propietarios, identificadas con el NIF que empieza con la clave H, ejercen un impacto directo sobre los elementos comunes asociados a las viviendas de personas f\u00edsicas.<\/p>\n<p>En este sentido, se destaca que las comercializadoras tienen que certificar que una entidad es una Comunidad de Propietarios y, adem\u00e1s, estas no tienen que realizar ninguna acci\u00f3n cuando finaliza el contrato, permiti\u00e9ndolos mantenerse con el PVPC sin interrupciones.<\/p>\n<p>Con esta revisi\u00f3n normativa, el sector el\u00e9ctrico experimenta transformaciones significativas, apuntando hacia una mayor eficiencia y adaptabilidad a las necesidades de los consumidores y las diversas entidades involucradas.<\/p>\n","protected":false},"excerpt":{"rendered":"<p>El pasado 13 de junio, se public\u00f3 el Real Decreto 446\/2023, que supone una revisi\u00f3n sustancial del marco regulatorio el\u00e9ctrico, espec\u00edficamente modificando el Real Decreto 216\/2014 del 28 de marzo. Estas nuevas medidas afectan directamente el Precio Voluntario para el Peque\u00f1o Consumidor (PVPC), la tarifa regulada que alcanza un significativo 34% de los consumidores nacionales, [&hellip;]<\/p>\n","protected":false},"author":1,"featured_media":64707,"comment_status":"open","ping_status":"open","sticky":false,"template":"","format":"standard","meta":{"footnotes":""},"categories":[474],"tags":[],"class_list":["post-64710","post","type-post","status-publish","format-standard","has-post-thumbnail","hentry","category-noticias"],"yoast_head":"<!-- This site is optimized with the Yoast SEO plugin v27.3 - https:\/\/yoast.com\/product\/yoast-seo-wordpress\/ -->\n<title>Importantes cambios en el Mercado El\u00e9ctrico: Introducci\u00f3n en el Real Decreto 446\/2023 - MasiFill Patrimonia<\/title>\n<meta name=\"robots\" content=\"index, follow, max-snippet:-1, max-image-preview:large, max-video-preview:-1\" \/>\n<link rel=\"canonical\" href=\"https:\/\/masifill.com\/canvis-mercat-electric\/\" \/>\n<meta property=\"og:locale\" content=\"es_ES\" \/>\n<meta property=\"og:type\" content=\"article\" \/>\n<meta property=\"og:title\" content=\"Importantes cambios en el Mercado El\u00e9ctrico: Introducci\u00f3n en el Real Decreto 446\/2023 - MasiFill Patrimonia\" \/>\n<meta property=\"og:description\" content=\"El pasado 13 de junio, se public\u00f3 el Real Decreto 446\/2023, que supone una revisi\u00f3n sustancial del marco regulatorio el\u00e9ctrico, espec\u00edficamente modificando el Real Decreto 216\/2014 del 28 de marzo. Estas nuevas medidas afectan directamente el Precio Voluntario para el Peque\u00f1o Consumidor (PVPC), la tarifa regulada que alcanza un significativo 34% de los consumidores nacionales, [&hellip;]\" \/>\n<meta property=\"og:url\" content=\"https:\/\/masifill.com\/canvis-mercat-electric\/\" \/>\n<meta property=\"og:site_name\" content=\"MasiFill Patrimonia\" \/>\n<meta property=\"article:published_time\" content=\"2024-01-09T16:34:51+00:00\" \/>\n<meta property=\"og:image\" content=\"https:\/\/masifill.com\/wp-content\/uploads\/masifill_canvis_mercat_electric_ok.jpg\" \/>\n\t<meta property=\"og:image:width\" content=\"3376\" \/>\n\t<meta property=\"og:image:height\" content=\"1793\" \/>\n\t<meta property=\"og:image:type\" content=\"image\/jpeg\" \/>\n<meta name=\"author\" content=\"masifill_adm_patrimonia\" \/>\n<meta name=\"twitter:card\" content=\"summary_large_image\" \/>\n<meta name=\"twitter:label1\" content=\"Escrito por\" \/>\n\t<meta name=\"twitter:data1\" content=\"masifill_adm_patrimonia\" \/>\n\t<meta name=\"twitter:label2\" content=\"Tiempo de lectura\" \/>\n\t<meta name=\"twitter:data2\" content=\"2 minutos\" \/>\n<script type=\"application\/ld+json\" class=\"yoast-schema-graph\">{\"@context\":\"https:\\\/\\\/schema.org\",\"@graph\":[{\"@type\":\"Article\",\"@id\":\"https:\\\/\\\/masifill.com\\\/canvis-mercat-electric\\\/#article\",\"isPartOf\":{\"@id\":\"https:\\\/\\\/masifill.com\\\/canvis-mercat-electric\\\/\"},\"author\":{\"name\":\"masifill_adm_patrimonia\",\"@id\":\"https:\\\/\\\/masifill.com\\\/#\\\/schema\\\/person\\\/56ba0ec6533d6069a2478fccb69c6910\"},\"headline\":\"Importantes cambios en el Mercado El\u00e9ctrico: Introducci\u00f3n en el Real Decreto 446\\\/2023\",\"datePublished\":\"2024-01-09T16:34:51+00:00\",\"mainEntityOfPage\":{\"@id\":\"https:\\\/\\\/masifill.com\\\/canvis-mercat-electric\\\/\"},\"wordCount\":375,\"commentCount\":0,\"image\":{\"@id\":\"https:\\\/\\\/masifill.com\\\/canvis-mercat-electric\\\/#primaryimage\"},\"thumbnailUrl\":\"https:\\\/\\\/masifill.com\\\/wp-content\\\/uploads\\\/masifill_canvis_mercat_electric_ok.jpg\",\"articleSection\":[\"Noticias\"],\"inLanguage\":\"es\",\"potentialAction\":[{\"@type\":\"CommentAction\",\"name\":\"Comment\",\"target\":[\"https:\\\/\\\/masifill.com\\\/canvis-mercat-electric\\\/#respond\"]}]},{\"@type\":\"WebPage\",\"@id\":\"https:\\\/\\\/masifill.com\\\/canvis-mercat-electric\\\/\",\"url\":\"https:\\\/\\\/masifill.com\\\/canvis-mercat-electric\\\/\",\"name\":\"Importantes cambios en el Mercado El\u00e9ctrico: Introducci\u00f3n en el Real Decreto 446\\\/2023 - MasiFill Patrimonia\",\"isPartOf\":{\"@id\":\"https:\\\/\\\/masifill.com\\\/#website\"},\"primaryImageOfPage\":{\"@id\":\"https:\\\/\\\/masifill.com\\\/canvis-mercat-electric\\\/#primaryimage\"},\"image\":{\"@id\":\"https:\\\/\\\/masifill.com\\\/canvis-mercat-electric\\\/#primaryimage\"},\"thumbnailUrl\":\"https:\\\/\\\/masifill.com\\\/wp-content\\\/uploads\\\/masifill_canvis_mercat_electric_ok.jpg\",\"datePublished\":\"2024-01-09T16:34:51+00:00\",\"author\":{\"@id\":\"https:\\\/\\\/masifill.com\\\/#\\\/schema\\\/person\\\/56ba0ec6533d6069a2478fccb69c6910\"},\"breadcrumb\":{\"@id\":\"https:\\\/\\\/masifill.com\\\/canvis-mercat-electric\\\/#breadcrumb\"},\"inLanguage\":\"es\",\"potentialAction\":[{\"@type\":\"ReadAction\",\"target\":[\"https:\\\/\\\/masifill.com\\\/canvis-mercat-electric\\\/\"]}]},{\"@type\":\"ImageObject\",\"inLanguage\":\"es\",\"@id\":\"https:\\\/\\\/masifill.com\\\/canvis-mercat-electric\\\/#primaryimage\",\"url\":\"https:\\\/\\\/masifill.com\\\/wp-content\\\/uploads\\\/masifill_canvis_mercat_electric_ok.jpg\",\"contentUrl\":\"https:\\\/\\\/masifill.com\\\/wp-content\\\/uploads\\\/masifill_canvis_mercat_electric_ok.jpg\",\"width\":3376,\"height\":1793},{\"@type\":\"BreadcrumbList\",\"@id\":\"https:\\\/\\\/masifill.com\\\/canvis-mercat-electric\\\/#breadcrumb\",\"itemListElement\":[{\"@type\":\"ListItem\",\"position\":1,\"name\":\"Inici\",\"item\":\"https:\\\/\\\/masifill.com\\\/es\\\/\"},{\"@type\":\"ListItem\",\"position\":2,\"name\":\"Importantes cambios en el Mercado El\u00e9ctrico: Introducci\u00f3n en el Real Decreto 446\\\/2023\"}]},{\"@type\":\"WebSite\",\"@id\":\"https:\\\/\\\/masifill.com\\\/#website\",\"url\":\"https:\\\/\\\/masifill.com\\\/\",\"name\":\"MasiFill Patrimonia\",\"description\":\"Altre lloc gestionat amb el WordPress\",\"potentialAction\":[{\"@type\":\"SearchAction\",\"target\":{\"@type\":\"EntryPoint\",\"urlTemplate\":\"https:\\\/\\\/masifill.com\\\/?s={search_term_string}\"},\"query-input\":{\"@type\":\"PropertyValueSpecification\",\"valueRequired\":true,\"valueName\":\"search_term_string\"}}],\"inLanguage\":\"es\"},{\"@type\":\"Person\",\"@id\":\"https:\\\/\\\/masifill.com\\\/#\\\/schema\\\/person\\\/56ba0ec6533d6069a2478fccb69c6910\",\"name\":\"masifill_adm_patrimonia\",\"image\":{\"@type\":\"ImageObject\",\"inLanguage\":\"es\",\"@id\":\"https:\\\/\\\/secure.gravatar.com\\\/avatar\\\/16e313bec43c19e0fda55eedec8b39d24bc982ea50cecfda3957056676e80d7a?s=96&d=mm&r=g\",\"url\":\"https:\\\/\\\/secure.gravatar.com\\\/avatar\\\/16e313bec43c19e0fda55eedec8b39d24bc982ea50cecfda3957056676e80d7a?s=96&d=mm&r=g\",\"contentUrl\":\"https:\\\/\\\/secure.gravatar.com\\\/avatar\\\/16e313bec43c19e0fda55eedec8b39d24bc982ea50cecfda3957056676e80d7a?s=96&d=mm&r=g\",\"caption\":\"masifill_adm_patrimonia\"},\"url\":\"https:\\\/\\\/masifill.com\\\/es\\\/author\\\/masifill_adm_patrimonia\\\/\"}]}<\/script>\n<!-- \/ Yoast SEO plugin. -->","yoast_head_json":{"title":"Importantes cambios en el Mercado El\u00e9ctrico: Introducci\u00f3n en el Real Decreto 446\/2023 - MasiFill Patrimonia","robots":{"index":"index","follow":"follow","max-snippet":"max-snippet:-1","max-image-preview":"max-image-preview:large","max-video-preview":"max-video-preview:-1"},"canonical":"https:\/\/masifill.com\/canvis-mercat-electric\/","og_locale":"es_ES","og_type":"article","og_title":"Importantes cambios en el Mercado El\u00e9ctrico: Introducci\u00f3n en el Real Decreto 446\/2023 - MasiFill Patrimonia","og_description":"El pasado 13 de junio, se public\u00f3 el Real Decreto 446\/2023, que supone una revisi\u00f3n sustancial del marco regulatorio el\u00e9ctrico, espec\u00edficamente modificando el Real Decreto 216\/2014 del 28 de marzo. Estas nuevas medidas afectan directamente el Precio Voluntario para el Peque\u00f1o Consumidor (PVPC), la tarifa regulada que alcanza un significativo 34% de los consumidores nacionales, [&hellip;]","og_url":"https:\/\/masifill.com\/canvis-mercat-electric\/","og_site_name":"MasiFill Patrimonia","article_published_time":"2024-01-09T16:34:51+00:00","og_image":[{"width":3376,"height":1793,"url":"https:\/\/masifill.com\/wp-content\/uploads\/masifill_canvis_mercat_electric_ok.jpg","type":"image\/jpeg"}],"author":"masifill_adm_patrimonia","twitter_card":"summary_large_image","twitter_misc":{"Escrito por":"masifill_adm_patrimonia","Tiempo de lectura":"2 minutos"},"schema":{"@context":"https:\/\/schema.org","@graph":[{"@type":"Article","@id":"https:\/\/masifill.com\/canvis-mercat-electric\/#article","isPartOf":{"@id":"https:\/\/masifill.com\/canvis-mercat-electric\/"},"author":{"name":"masifill_adm_patrimonia","@id":"https:\/\/masifill.com\/#\/schema\/person\/56ba0ec6533d6069a2478fccb69c6910"},"headline":"Importantes cambios en el Mercado El\u00e9ctrico: Introducci\u00f3n en el Real Decreto 446\/2023","datePublished":"2024-01-09T16:34:51+00:00","mainEntityOfPage":{"@id":"https:\/\/masifill.com\/canvis-mercat-electric\/"},"wordCount":375,"commentCount":0,"image":{"@id":"https:\/\/masifill.com\/canvis-mercat-electric\/#primaryimage"},"thumbnailUrl":"https:\/\/masifill.com\/wp-content\/uploads\/masifill_canvis_mercat_electric_ok.jpg","articleSection":["Noticias"],"inLanguage":"es","potentialAction":[{"@type":"CommentAction","name":"Comment","target":["https:\/\/masifill.com\/canvis-mercat-electric\/#respond"]}]},{"@type":"WebPage","@id":"https:\/\/masifill.com\/canvis-mercat-electric\/","url":"https:\/\/masifill.com\/canvis-mercat-electric\/","name":"Importantes cambios en el Mercado El\u00e9ctrico: Introducci\u00f3n en el Real Decreto 446\/2023 - MasiFill Patrimonia","isPartOf":{"@id":"https:\/\/masifill.com\/#website"},"primaryImageOfPage":{"@id":"https:\/\/masifill.com\/canvis-mercat-electric\/#primaryimage"},"image":{"@id":"https:\/\/masifill.com\/canvis-mercat-electric\/#primaryimage"},"thumbnailUrl":"https:\/\/masifill.com\/wp-content\/uploads\/masifill_canvis_mercat_electric_ok.jpg","datePublished":"2024-01-09T16:34:51+00:00","author":{"@id":"https:\/\/masifill.com\/#\/schema\/person\/56ba0ec6533d6069a2478fccb69c6910"},"breadcrumb":{"@id":"https:\/\/masifill.com\/canvis-mercat-electric\/#breadcrumb"},"inLanguage":"es","potentialAction":[{"@type":"ReadAction","target":["https:\/\/masifill.com\/canvis-mercat-electric\/"]}]},{"@type":"ImageObject","inLanguage":"es","@id":"https:\/\/masifill.com\/canvis-mercat-electric\/#primaryimage","url":"https:\/\/masifill.com\/wp-content\/uploads\/masifill_canvis_mercat_electric_ok.jpg","contentUrl":"https:\/\/masifill.com\/wp-content\/uploads\/masifill_canvis_mercat_electric_ok.jpg","width":3376,"height":1793},{"@type":"BreadcrumbList","@id":"https:\/\/masifill.com\/canvis-mercat-electric\/#breadcrumb","itemListElement":[{"@type":"ListItem","position":1,"name":"Inici","item":"https:\/\/masifill.com\/es\/"},{"@type":"ListItem","position":2,"name":"Importantes cambios en el Mercado El\u00e9ctrico: Introducci\u00f3n en el Real Decreto 446\/2023"}]},{"@type":"WebSite","@id":"https:\/\/masifill.com\/#website","url":"https:\/\/masifill.com\/","name":"MasiFill Patrimonia","description":"Altre lloc gestionat amb el WordPress","potentialAction":[{"@type":"SearchAction","target":{"@type":"EntryPoint","urlTemplate":"https:\/\/masifill.com\/?s={search_term_string}"},"query-input":{"@type":"PropertyValueSpecification","valueRequired":true,"valueName":"search_term_string"}}],"inLanguage":"es"},{"@type":"Person","@id":"https:\/\/masifill.com\/#\/schema\/person\/56ba0ec6533d6069a2478fccb69c6910","name":"masifill_adm_patrimonia","image":{"@type":"ImageObject","inLanguage":"es","@id":"https:\/\/secure.gravatar.com\/avatar\/16e313bec43c19e0fda55eedec8b39d24bc982ea50cecfda3957056676e80d7a?s=96&d=mm&r=g","url":"https:\/\/secure.gravatar.com\/avatar\/16e313bec43c19e0fda55eedec8b39d24bc982ea50cecfda3957056676e80d7a?s=96&d=mm&r=g","contentUrl":"https:\/\/secure.gravatar.com\/avatar\/16e313bec43c19e0fda55eedec8b39d24bc982ea50cecfda3957056676e80d7a?s=96&d=mm&r=g","caption":"masifill_adm_patrimonia"},"url":"https:\/\/masifill.com\/es\/author\/masifill_adm_patrimonia\/"}]}},"_links":{"self":[{"href":"https:\/\/masifill.com\/es\/wp-json\/wp\/v2\/posts\/64710","targetHints":{"allow":["GET"]}}],"collection":[{"href":"https:\/\/masifill.com\/es\/wp-json\/wp\/v2\/posts"}],"about":[{"href":"https:\/\/masifill.com\/es\/wp-json\/wp\/v2\/types\/post"}],"author":[{"embeddable":true,"href":"https:\/\/masifill.com\/es\/wp-json\/wp\/v2\/users\/1"}],"replies":[{"embeddable":true,"href":"https:\/\/masifill.com\/es\/wp-json\/wp\/v2\/comments?post=64710"}],"version-history":[{"count":1,"href":"https:\/\/masifill.com\/es\/wp-json\/wp\/v2\/posts\/64710\/revisions"}],"predecessor-version":[{"id":64711,"href":"https:\/\/masifill.com\/es\/wp-json\/wp\/v2\/posts\/64710\/revisions\/64711"}],"wp:featuredmedia":[{"embeddable":true,"href":"https:\/\/masifill.com\/es\/wp-json\/wp\/v2\/media\/64707"}],"wp:attachment":[{"href":"https:\/\/masifill.com\/es\/wp-json\/wp\/v2\/media?parent=64710"}],"wp:term":[{"taxonomy":"category","embeddable":true,"href":"https:\/\/masifill.com\/es\/wp-json\/wp\/v2\/categories?post=64710"},{"taxonomy":"post_tag","embeddable":true,"href":"https:\/\/masifill.com\/es\/wp-json\/wp\/v2\/tags?post=64710"}],"curies":[{"name":"wp","href":"https:\/\/api.w.org\/{rel}","templated":true}]}}