{"id":91738,"date":"2026-09-02T23:01:06","date_gmt":"2026-09-02T20:17:08","guid":{"rendered":"https:\/\/masifill.com\/property\/pisos-sant-just-desvern\/"},"modified":"2026-09-03T01:01:06","modified_gmt":"2026-09-02T23:01:06","slug":"pisos-sant-just-desvern","status":[34,144],"type":[14,148],"link":"https:\/\/masifill.com\/es\/property\/pisos-sant-just-desvern\/","title":{"rendered":"Pisos &#8211; SANT JUST DESVERN"},"content":{"rendered":"<p>LA CREU (SANT JUST DESVERN) Piso de TEMPORADA de 54m2 \u00fatiles, 3 habitaciones totalmente exteriores, dos de ellas con armario empotrado. &#x0D;<br \/>Sal\u00f3n comedor con salida a balc\u00f3n exterior a piscina y zona comunitaria. &#x0D;<br \/>Amplia cocina y lavadero, ba\u00f1o completo con plato de ducha. Calefacci\u00f3n a gas natural. &#x0D;<br \/>Todas las ventanas disponen de mosquitera y carpinter\u00edas de aluminio.&#x0D;<br \/>Parquin, trastero y acceso a sol\u00e1rium. &#x0D;<br \/>Ubicado en zona residencial muy tranquila, pr\u00f3ximo a servicios. &#x0D;<br \/>Junto a hospital de referencia en Barcelona.&#x0D;<br \/>&#x0D;<br \/>N\u00famero de registro AICAT N\u00ba 1214<br \/>N\u00famero de API NUMERO 2677<br \/>Inmueble en zona tensada. Propiedad NO gran tenedor.<br \/>RENTA ANTERIOR M\u00c1S ACTUALIZACIONES  1.500,40.-\u20ac + TASA BASURAS 10-\u20ac.+ IBI 56,67.-\u20ac <br \/>SE VALORARA LA SOLICITUD DE GARANT\u00cdAS ADICIONALES UNA VEZ ESTUDIADA LAS GARANT\u00cdAS ECON\u00d3MICAS APORTADAS POR EL INTERESADO&#x0D;<\/p>\n","protected":false},"excerpt":{"rendered":"<p>LA CREU (SANT JUST DESVERN) Piso de TEMPORADA de 54m2 \u00fatiles, 3 habitaciones totalmente exteriores, dos de ellas con armario empotrado. &#x0D;Sal\u00f3n comedor con salida a balc\u00f3n exterior a piscina y zona comunitaria. &#x0D;Amplia cocina y lavadero, ba\u00f1o completo con plato de ducha. Calefacci\u00f3n a gas natural. &#x0D;Todas las ventanas disponen de mosquitera y carpinter\u00edas [&hellip;]<\/p>\n","protected":false},"author":1,"featured_media":91678,"parent":0,"menu_order":0,"template":"","feature":[83,246,247,251,252],"label":[],"city":[418],"area":[],"state":[297],"class_list":["post-91738","property","type-property","status-publish","has-post-thumbnail","hentry","property_type-pisos-es","property_type-pisos","property_status-alquilar","property_status-llogar","property_feature-piscina","property_feature-calefaccion","property_feature-parking","property_feature-terraza","property_feature-trastero","property_city-sant-just-desvern-es","property_state-barcelona-es"],"yoast_head":"<!-- This site is optimized with the Yoast SEO plugin v27.3 - https:\/\/yoast.com\/product\/yoast-seo-wordpress\/ -->\n<title>Pisos - SANT JUST DESVERN - MasiFill Patrimonia<\/title>\n<meta name=\"robots\" content=\"index, follow, max-snippet:-1, max-image-preview:large, max-video-preview:-1\" \/>\n<link rel=\"canonical\" href=\"https:\/\/masifill.com\/es\/property\/pisos-sant-just-desvern\/\" \/>\n<meta property=\"og:locale\" content=\"es_ES\" \/>\n<meta property=\"og:type\" content=\"article\" \/>\n<meta property=\"og:title\" content=\"Pisos - SANT JUST DESVERN - MasiFill Patrimonia\" \/>\n<meta property=\"og:description\" content=\"LA CREU (SANT JUST DESVERN) Piso de TEMPORADA de 54m2 \u00fatiles, 3 habitaciones totalmente exteriores, dos de ellas con armario empotrado. &#xD;Sal\u00f3n comedor con salida a balc\u00f3n exterior a piscina y zona comunitaria. &#xD;Amplia cocina y lavadero, ba\u00f1o completo con plato de ducha. Calefacci\u00f3n a gas natural. &#xD;Todas las ventanas disponen de mosquitera y carpinter\u00edas [&hellip;]\" \/>\n<meta property=\"og:url\" content=\"https:\/\/masifill.com\/es\/property\/pisos-sant-just-desvern\/\" \/>\n<meta property=\"og:site_name\" content=\"MasiFill Patrimonia\" \/>\n<meta property=\"article:modified_time\" content=\"2026-09-02T23:01:06+00:00\" \/>\n<meta property=\"og:image\" content=\"https:\/\/masifill.com\/wp-content\/uploads\/propiedad-5933-4.jpg\" \/>\n\t<meta property=\"og:image:width\" content=\"1600\" \/>\n\t<meta property=\"og:image:height\" content=\"1200\" \/>\n\t<meta property=\"og:image:type\" content=\"image\/jpeg\" \/>\n<meta name=\"twitter:card\" content=\"summary_large_image\" \/>\n<meta name=\"twitter:label1\" content=\"Tiempo de lectura\" \/>\n\t<meta name=\"twitter:data1\" content=\"1 minuto\" \/>\n<script type=\"application\/ld+json\" class=\"yoast-schema-graph\">{\"@context\":\"https:\\\/\\\/schema.org\",\"@graph\":[{\"@type\":\"WebPage\",\"@id\":\"https:\\\/\\\/masifill.com\\\/es\\\/property\\\/pisos-sant-just-desvern\\\/\",\"url\":\"https:\\\/\\\/masifill.com\\\/es\\\/property\\\/pisos-sant-just-desvern\\\/\",\"name\":\"Pisos - SANT JUST DESVERN - MasiFill Patrimonia\",\"isPartOf\":{\"@id\":\"https:\\\/\\\/masifill.com\\\/#website\"},\"primaryImageOfPage\":{\"@id\":\"https:\\\/\\\/masifill.com\\\/es\\\/property\\\/pisos-sant-just-desvern\\\/#primaryimage\"},\"image\":{\"@id\":\"https:\\\/\\\/masifill.com\\\/es\\\/property\\\/pisos-sant-just-desvern\\\/#primaryimage\"},\"thumbnailUrl\":\"https:\\\/\\\/masifill.com\\\/wp-content\\\/uploads\\\/propiedad-5933-4.jpg\",\"datePublished\":\"2026-09-02T20:17:08+00:00\",\"dateModified\":\"2026-09-02T23:01:06+00:00\",\"breadcrumb\":{\"@id\":\"https:\\\/\\\/masifill.com\\\/es\\\/property\\\/pisos-sant-just-desvern\\\/#breadcrumb\"},\"inLanguage\":\"es\",\"potentialAction\":[{\"@type\":\"ReadAction\",\"target\":[\"https:\\\/\\\/masifill.com\\\/es\\\/property\\\/pisos-sant-just-desvern\\\/\"]}]},{\"@type\":\"ImageObject\",\"inLanguage\":\"es\",\"@id\":\"https:\\\/\\\/masifill.com\\\/es\\\/property\\\/pisos-sant-just-desvern\\\/#primaryimage\",\"url\":\"https:\\\/\\\/masifill.com\\\/wp-content\\\/uploads\\\/propiedad-5933-4.jpg\",\"contentUrl\":\"https:\\\/\\\/masifill.com\\\/wp-content\\\/uploads\\\/propiedad-5933-4.jpg\",\"width\":1600,\"height\":1200},{\"@type\":\"BreadcrumbList\",\"@id\":\"https:\\\/\\\/masifill.com\\\/es\\\/property\\\/pisos-sant-just-desvern\\\/#breadcrumb\",\"itemListElement\":[{\"@type\":\"ListItem\",\"position\":1,\"name\":\"Inici\",\"item\":\"https:\\\/\\\/masifill.com\\\/es\\\/\"},{\"@type\":\"ListItem\",\"position\":2,\"name\":\"Propiedades\",\"item\":\"https:\\\/\\\/masifill.com\\\/es\\\/property\\\/\"},{\"@type\":\"ListItem\",\"position\":3,\"name\":\"Pisos &#8211; SANT JUST DESVERN\"}]},{\"@type\":\"WebSite\",\"@id\":\"https:\\\/\\\/masifill.com\\\/#website\",\"url\":\"https:\\\/\\\/masifill.com\\\/\",\"name\":\"MasiFill Patrimonia\",\"description\":\"Altre lloc gestionat amb el WordPress\",\"potentialAction\":[{\"@type\":\"SearchAction\",\"target\":{\"@type\":\"EntryPoint\",\"urlTemplate\":\"https:\\\/\\\/masifill.com\\\/?s={search_term_string}\"},\"query-input\":{\"@type\":\"PropertyValueSpecification\",\"valueRequired\":true,\"valueName\":\"search_term_string\"}}],\"inLanguage\":\"es\"}]}<\/script>\n<!-- \/ Yoast SEO plugin. -->","yoast_head_json":{"title":"Pisos - SANT JUST DESVERN - MasiFill Patrimonia","robots":{"index":"index","follow":"follow","max-snippet":"max-snippet:-1","max-image-preview":"max-image-preview:large","max-video-preview":"max-video-preview:-1"},"canonical":"https:\/\/masifill.com\/es\/property\/pisos-sant-just-desvern\/","og_locale":"es_ES","og_type":"article","og_title":"Pisos - SANT JUST DESVERN - MasiFill Patrimonia","og_description":"LA CREU (SANT JUST DESVERN) Piso de TEMPORADA de 54m2 \u00fatiles, 3 habitaciones totalmente exteriores, dos de ellas con armario empotrado. &#x0D;Sal\u00f3n comedor con salida a balc\u00f3n exterior a piscina y zona comunitaria. &#x0D;Amplia cocina y lavadero, ba\u00f1o completo con plato de ducha. Calefacci\u00f3n a gas natural. &#x0D;Todas las ventanas disponen de mosquitera y carpinter\u00edas [&hellip;]","og_url":"https:\/\/masifill.com\/es\/property\/pisos-sant-just-desvern\/","og_site_name":"MasiFill Patrimonia","article_modified_time":"2026-09-02T23:01:06+00:00","og_image":[{"width":1600,"height":1200,"url":"https:\/\/masifill.com\/wp-content\/uploads\/propiedad-5933-4.jpg","type":"image\/jpeg"}],"twitter_card":"summary_large_image","twitter_misc":{"Tiempo de lectura":"1 minuto"},"schema":{"@context":"https:\/\/schema.org","@graph":[{"@type":"WebPage","@id":"https:\/\/masifill.com\/es\/property\/pisos-sant-just-desvern\/","url":"https:\/\/masifill.com\/es\/property\/pisos-sant-just-desvern\/","name":"Pisos - SANT JUST DESVERN - MasiFill Patrimonia","isPartOf":{"@id":"https:\/\/masifill.com\/#website"},"primaryImageOfPage":{"@id":"https:\/\/masifill.com\/es\/property\/pisos-sant-just-desvern\/#primaryimage"},"image":{"@id":"https:\/\/masifill.com\/es\/property\/pisos-sant-just-desvern\/#primaryimage"},"thumbnailUrl":"https:\/\/masifill.com\/wp-content\/uploads\/propiedad-5933-4.jpg","datePublished":"2026-09-02T20:17:08+00:00","dateModified":"2026-09-02T23:01:06+00:00","breadcrumb":{"@id":"https:\/\/masifill.com\/es\/property\/pisos-sant-just-desvern\/#breadcrumb"},"inLanguage":"es","potentialAction":[{"@type":"ReadAction","target":["https:\/\/masifill.com\/es\/property\/pisos-sant-just-desvern\/"]}]},{"@type":"ImageObject","inLanguage":"es","@id":"https:\/\/masifill.com\/es\/property\/pisos-sant-just-desvern\/#primaryimage","url":"https:\/\/masifill.com\/wp-content\/uploads\/propiedad-5933-4.jpg","contentUrl":"https:\/\/masifill.com\/wp-content\/uploads\/propiedad-5933-4.jpg","width":1600,"height":1200},{"@type":"BreadcrumbList","@id":"https:\/\/masifill.com\/es\/property\/pisos-sant-just-desvern\/#breadcrumb","itemListElement":[{"@type":"ListItem","position":1,"name":"Inici","item":"https:\/\/masifill.com\/es\/"},{"@type":"ListItem","position":2,"name":"Propiedades","item":"https:\/\/masifill.com\/es\/property\/"},{"@type":"ListItem","position":3,"name":"Pisos &#8211; SANT JUST DESVERN"}]},{"@type":"WebSite","@id":"https:\/\/masifill.com\/#website","url":"https:\/\/masifill.com\/","name":"MasiFill Patrimonia","description":"Altre lloc gestionat amb el WordPress","potentialAction":[{"@type":"SearchAction","target":{"@type":"EntryPoint","urlTemplate":"https:\/\/masifill.com\/?s={search_term_string}"},"query-input":{"@type":"PropertyValueSpecification","valueRequired":true,"valueName":"search_term_string"}}],"inLanguage":"es"}]}},"_links":{"self":[{"href":"https:\/\/masifill.com\/es\/wp-json\/wp\/v2\/properties\/91738","targetHints":{"allow":["GET"]}}],"collection":[{"href":"https:\/\/masifill.com\/es\/wp-json\/wp\/v2\/properties"}],"about":[{"href":"https:\/\/masifill.com\/es\/wp-json\/wp\/v2\/types\/property"}],"author":[{"embeddable":true,"href":"https:\/\/masifill.com\/es\/wp-json\/wp\/v2\/users\/1"}],"version-history":[{"count":1,"href":"https:\/\/masifill.com\/es\/wp-json\/wp\/v2\/properties\/91738\/revisions"}],"predecessor-version":[{"id":91743,"href":"https:\/\/masifill.com\/es\/wp-json\/wp\/v2\/properties\/91738\/revisions\/91743"}],"wp:featuredmedia":[{"embeddable":true,"href":"https:\/\/masifill.com\/es\/wp-json\/wp\/v2\/media\/91678"}],"wp:attachment":[{"href":"https:\/\/masifill.com\/es\/wp-json\/wp\/v2\/media?parent=91738"}],"wp:term":[{"taxonomy":"property_type","embeddable":true,"href":"https:\/\/masifill.com\/es\/wp-json\/wp\/v2\/type?post=91738"},{"taxonomy":"property_status","embeddable":true,"href":"https:\/\/masifill.com\/es\/wp-json\/wp\/v2\/status?post=91738"},{"taxonomy":"property_feature","embeddable":true,"href":"https:\/\/masifill.com\/es\/wp-json\/wp\/v2\/feature?post=91738"},{"taxonomy":"property_label","embeddable":true,"href":"https:\/\/masifill.com\/es\/wp-json\/wp\/v2\/label?post=91738"},{"taxonomy":"property_city","embeddable":true,"href":"https:\/\/masifill.com\/es\/wp-json\/wp\/v2\/city?post=91738"},{"taxonomy":"property_area","embeddable":true,"href":"https:\/\/masifill.com\/es\/wp-json\/wp\/v2\/area?post=91738"},{"taxonomy":"property_state","embeddable":true,"href":"https:\/\/masifill.com\/es\/wp-json\/wp\/v2\/state?post=91738"}],"curies":[{"name":"wp","href":"https:\/\/api.w.org\/{rel}","templated":true}]}}